{"id":2004,"date":"2021-09-28T11:28:28","date_gmt":"2021-09-28T14:28:28","guid":{"rendered":"https:\/\/blog.ufes.br\/revistauniversidade\/?p=2004"},"modified":"2021-11-11T11:42:50","modified_gmt":"2021-11-11T14:42:50","slug":"pesquisa-analisa-a-concentracao-de-poluentes-nas-casas-e-nas-escolas-de-criancas-com-asma","status":"publish","type":"post","link":"https:\/\/blog.ufes.br\/revistauniversidade\/2021\/09\/28\/pesquisa-analisa-a-concentracao-de-poluentes-nas-casas-e-nas-escolas-de-criancas-com-asma\/","title":{"rendered":"Pesquisa analisa a concentra\u00e7\u00e3o de poluentes nas casas e nas escolas de crian\u00e7as com asma"},"content":{"rendered":"\n<p><em>&#8211; Por Breno Alexandre* &#8211;<\/em> <\/p>\n\n\n\n<p>Uma pesquisa da Ufes mostrou que a polui\u00e7\u00e3o do ar que atinge as crian\u00e7as acompanhadas pelo projeto Asmavix est\u00e1 principalmente dentro das resid\u00eancias e das escolas, e n\u00e3o no trajeto. Essa foi a conclus\u00e3o da disserta\u00e7\u00e3o de mestrado de Davi Monticelli no Programa de P\u00f3s-Gradua\u00e7\u00e3o em Engenharia Ambiental, em que foi orientado pela professora Jane Meri Santos e co-orientado pela professora Elisa Goulart.&nbsp;<\/p>\n\n\n\n<p>O estudo foi realizado em tr\u00eas bairros da cidade de Vit\u00f3ria, visando determinar a situa\u00e7\u00e3o de duas escolas e das casas de cerca de 21 estudantes. \u201cOs n\u00edveis de material particulado, incluindo poeiras ultra fina, fina e grossa, s\u00e3o muito altos nas escolas e nas casas das crian\u00e7as. O deslocamento entre a casa e a escola n\u00e3o \u00e9 o principal respons\u00e1vel pela exposi\u00e7\u00e3o\u201d, avalia Monticelli.<\/p>\n\n\n\n<p>A pesquisa foi desenvolvida no \u00e2mbito do projeto Asmavix, que tem o objetivo de investigar a fun\u00e7\u00e3o respirat\u00f3ria em portadores de asma leve ou moderada, para determinar como a polui\u00e7\u00e3o do ar afeta os sintomas em crian\u00e7as e adolescentes. Participam do Asmavix cerca de 20 pesquisadores dos programas de p\u00f3s-gradua\u00e7\u00e3o em Ci\u00eancias Fisiol\u00f3gicas e em Engenharia Ambiental da Ufes.<\/p>\n\n\n\n<p>O principal fator de risco para a asma \u00e9 a exposi\u00e7\u00e3o por um longo per\u00edodo de tempo a n\u00edveis muito altos de polui\u00e7\u00e3o atmosf\u00e9rica nos ambientes internos, segundo o estudo. Monticelli afirma que as crian\u00e7as e os adolescentes que moram perto das principais vias de tr\u00e1fego s\u00e3o as mais expostas aos poluentes.<\/p>\n\n\n\n<p>A conclus\u00e3o foi obtida por meio da an\u00e1lise de dados feita pelo <em>software<\/em> Calif\u00f3rnia Puff Model (Calpuff), que \u00e9 um modelo de dispers\u00e3o de poluentes atmosf\u00e9ricos e leva em considera\u00e7\u00e3o fatores como radia\u00e7\u00e3o solar, condi\u00e7\u00f5es de terreno, localiza\u00e7\u00e3o das fontes de emiss\u00e3o dos poluentes atmosf\u00e9ricos e a quantidade de poluentes emitidos, dire\u00e7\u00e3o e velocidade do vento, al\u00e9m de informa\u00e7\u00f5es dos receptores, como a localiza\u00e7\u00e3o da escola e das casas das crian\u00e7as. Assim, o programa determina a concentra\u00e7\u00e3o dos poluentes analisados no ambiente escolhido.<\/p>\n\n\n\n<h3 class=\"wp-block-heading\"><strong>Asmavix<\/strong><\/h3>\n\n\n\n<p>O projeto de pesquisa Asmavix \u00e9 dividido em duas equipes. A parte de engenharia trabalha no monitoramento da qualidade do ar, mensurando a concentra\u00e7\u00e3o de compostos org\u00e2nicos vol\u00e1teis, di\u00f3xido de enxofre (SO<sub>2<\/sub>), \u00f3xidos de nitrog\u00eanio (NOx), mon\u00f3xido de carbono (CO), oz\u00f4nio (O3), material particulado e fungos nos ambientes externo e interno das resid\u00eancias (<a href=\"https:\/\/iema.es.gov.br\/qualidadedoar\/poluentes\">saiba mais sobre o material monitorado neste link)<\/a>. A ideia inicial \u00e9 observar os ambientes por dois anos, durante os per\u00edodos de inverno e ver\u00e3o.&nbsp;<\/p>\n\n\n\n<p>J\u00e1 a equipe de sa\u00fade realiza o acompanhamento de 200 crian\u00e7as e adolescentes portadores de asma atendidos em cl\u00ednicas ou unidades de sa\u00fade de Vit\u00f3ria. Durante 10 a 15 dias, cada participante deve ser monitorado, em domic\u00edlio, por meio do preenchimento de um di\u00e1rio e da realiza\u00e7\u00e3o de testes de espirometria (para avaliar o funcionamento dos pulm\u00f5es) nos per\u00edodos tanto de inverno quanto de ver\u00e3o.<\/p>\n\n\n\n<p>A pesquisa, que tem financiamento da empresa ArcelorMittal, est\u00e1 com algumas atividades pausadas desde mar\u00e7o de 2020, devido \u00e0s medidas de isolamento social em virtude da pandemia de covid-19.&nbsp;<\/p>\n\n\n\n<p><a href=\"https:\/\/qualidadedoar.ufes.br\/asmavix\">Conhe\u00e7a mais sobre o Asmavix neste link<\/a>.<\/p>\n\n\n\n<p><em>* Bolsista em projeto de Comunica\u00e7\u00e3o<\/em><\/p>\n","protected":false},"excerpt":{"rendered":"<div class=\"mh-excerpt\"><p>O principal fator de risco para a asma \u00e9 a exposi\u00e7\u00e3o prolongada a n\u00edveis muito altos de polui\u00e7\u00e3o atmosf\u00e9rica nos ambientes internos, aponta estudo<\/p>\n<\/div>","protected":false},"author":350,"featured_media":2006,"comment_status":"open","ping_status":"open","sticky":false,"template":"","format":"standard","meta":{"_bbp_topic_count":0,"_bbp_reply_count":0,"_bbp_total_topic_count":0,"_bbp_total_reply_count":0,"_bbp_voice_count":0,"_bbp_anonymous_reply_count":0,"_bbp_topic_count_hidden":0,"_bbp_reply_count_hidden":0,"_bbp_forum_subforum_count":0,"_uag_custom_page_level_css":"","footnotes":""},"categories":[7,9,47],"tags":[],"class_list":["post-2004","post","type-post","status-publish","format-standard","has-post-thumbnail","hentry","category-chamadinhas","category-noticias","category-online"],"uagb_featured_image_src":{"full":["https:\/\/blog.ufes.br\/revistauniversidade\/files\/2021\/09\/inalador-asma-wikip2011-cc.jpeg",1000,329,false],"thumbnail":["https:\/\/blog.ufes.br\/revistauniversidade\/files\/2021\/09\/inalador-asma-wikip2011-cc-150x150.jpeg",150,150,true],"medium":["https:\/\/blog.ufes.br\/revistauniversidade\/files\/2021\/09\/inalador-asma-wikip2011-cc-300x99.jpeg",300,99,true],"medium_large":["https:\/\/blog.ufes.br\/revistauniversidade\/files\/2021\/09\/inalador-asma-wikip2011-cc-768x253.jpeg",768,253,true],"large":["https:\/\/blog.ufes.br\/revistauniversidade\/files\/2021\/09\/inalador-asma-wikip2011-cc.jpeg",1000,329,false],"1536x1536":["https:\/\/blog.ufes.br\/revistauniversidade\/files\/2021\/09\/inalador-asma-wikip2011-cc.jpeg",1000,329,false],"2048x2048":["https:\/\/blog.ufes.br\/revistauniversidade\/files\/2021\/09\/inalador-asma-wikip2011-cc.jpeg",1000,329,false],"mh-magazine-lite-slider":["https:\/\/blog.ufes.br\/revistauniversidade\/files\/2021\/09\/inalador-asma-wikip2011-cc.jpeg",1000,329,false],"mh-magazine-lite-content":["https:\/\/blog.ufes.br\/revistauniversidade\/files\/2021\/09\/inalador-asma-wikip2011-cc-678x329.jpeg",678,329,true],"mh-magazine-lite-large":["https:\/\/blog.ufes.br\/revistauniversidade\/files\/2021\/09\/inalador-asma-wikip2011-cc-678x329.jpeg",678,329,true],"mh-magazine-lite-medium":["https:\/\/blog.ufes.br\/revistauniversidade\/files\/2021\/09\/inalador-asma-wikip2011-cc-326x245.jpeg",326,245,true],"mh-magazine-lite-small":["https:\/\/blog.ufes.br\/revistauniversidade\/files\/2021\/09\/inalador-asma-wikip2011-cc-80x60.jpeg",80,60,true]},"uagb_author_info":{"display_name":"lidia.hora","author_link":"https:\/\/blog.ufes.br\/revistauniversidade\/author\/lidia_gurgel-neves-hora\/"},"uagb_comment_info":0,"uagb_excerpt":"O principal fator de risco para a asma \u00e9 a exposi\u00e7\u00e3o prolongada a n\u00edveis muito altos de polui\u00e7\u00e3o atmosf\u00e9rica nos ambientes internos, aponta estudo","_links":{"self":[{"href":"https:\/\/blog.ufes.br\/revistauniversidade\/wp-json\/wp\/v2\/posts\/2004","targetHints":{"allow":["GET"]}}],"collection":[{"href":"https:\/\/blog.ufes.br\/revistauniversidade\/wp-json\/wp\/v2\/posts"}],"about":[{"href":"https:\/\/blog.ufes.br\/revistauniversidade\/wp-json\/wp\/v2\/types\/post"}],"author":[{"embeddable":true,"href":"https:\/\/blog.ufes.br\/revistauniversidade\/wp-json\/wp\/v2\/users\/350"}],"replies":[{"embeddable":true,"href":"https:\/\/blog.ufes.br\/revistauniversidade\/wp-json\/wp\/v2\/comments?post=2004"}],"version-history":[{"count":5,"href":"https:\/\/blog.ufes.br\/revistauniversidade\/wp-json\/wp\/v2\/posts\/2004\/revisions"}],"predecessor-version":[{"id":2015,"href":"https:\/\/blog.ufes.br\/revistauniversidade\/wp-json\/wp\/v2\/posts\/2004\/revisions\/2015"}],"wp:featuredmedia":[{"embeddable":true,"href":"https:\/\/blog.ufes.br\/revistauniversidade\/wp-json\/wp\/v2\/media\/2006"}],"wp:attachment":[{"href":"https:\/\/blog.ufes.br\/revistauniversidade\/wp-json\/wp\/v2\/media?parent=2004"}],"wp:term":[{"taxonomy":"category","embeddable":true,"href":"https:\/\/blog.ufes.br\/revistauniversidade\/wp-json\/wp\/v2\/categories?post=2004"},{"taxonomy":"post_tag","embeddable":true,"href":"https:\/\/blog.ufes.br\/revistauniversidade\/wp-json\/wp\/v2\/tags?post=2004"}],"curies":[{"name":"wp","href":"https:\/\/api.w.org\/{rel}","templated":true}]}}