{"id":2025,"date":"2021-11-11T11:42:16","date_gmt":"2021-11-11T14:42:16","guid":{"rendered":"https:\/\/blog.ufes.br\/revistauniversidade\/?p=2025"},"modified":"2022-11-03T09:38:59","modified_gmt":"2022-11-03T12:38:59","slug":"engenheira-formada-pela-ufes-recebe-premio-de-melhor-tese-de-doutorado-em-geotecnia-na-austria","status":"publish","type":"post","link":"https:\/\/blog.ufes.br\/revistauniversidade\/2021\/11\/11\/engenheira-formada-pela-ufes-recebe-premio-de-melhor-tese-de-doutorado-em-geotecnia-na-austria\/","title":{"rendered":"Engenheira formada pela Ufes recebe pr\u00eamio de melhor tese de doutorado em Geotecnia na \u00c1ustria"},"content":{"rendered":"\n<p><em>&#8211; Por Lidia Neves* &#8211; <\/em><\/p>\n\n\n\n<p>A engenheira civil Carla Miranda Fabris, que se formou pela Ufes, recebeu o pr\u00eamio Leopold M\u00fcller, por sua tese de doutorado na \u00e1rea de geotecnia. A premia\u00e7\u00e3o \u00e9 concedida \u00e0 melhor tese anualmente, desde 1984, pela Sociedade Austr\u00edaca de Geomec\u00e2nica <em>(\u00d6sterreichische Gesellschaft f\u00fcr Geomechanik)<\/em>. Uma tese por ano \u00e9 premiada.<\/p>\n\n\n\n<p>A tese, intitulada&nbsp;<em>Estudo num\u00e9rico de ancoragens em solo monitoradas com sensores de fibra \u00f3ptica<\/em>&nbsp;(no original em ingl\u00eas,&nbsp;<em>Numerical Study on Pullout tests of Ground Anchors Monitored with Fibre Optic Sensors<\/em>), foi defendida em 2020, sob a orienta\u00e7\u00e3o do professor Helmut Schweiger, na Universidade Tecnol\u00f3gica de Graz (Graz University of Technology), localizada no sudeste da \u00c1ustria.<\/p>\n\n\n\n<p>Em seu trabalho, Carla Miranda Fabris desenvolveu modelos num\u00e9ricos que permitem a simula\u00e7\u00e3o de ancoragens para a estabiliza\u00e7\u00e3o de taludes e encostas, usadas como elementos estruturais nesse tipo de obra da constru\u00e7\u00e3o civil. Composta de um elemento de a\u00e7o e uma cauda de cimento em volta, a ancoragem pode ter v\u00e1rios metros de comprimento e costuma ser instalada em rochas ou no solo. A simula\u00e7\u00e3o pode ser feita no&nbsp;<em>software<\/em>&nbsp;Plaxis, que \u00e9 bastante usado em empresas desse setor em v\u00e1rias partes do mundo. Os resultados obtidos com os modelos num\u00e9ricos eram ent\u00e3o comparados com medi\u00e7\u00f5es de campo, feitas com fibra \u00f3ptica.<\/p>\n\n\n\n<p>&#8220;Fizemos um monitoramento com fibra \u00f3ptica ao longo de toda a ancoragem, a cada 1 cent\u00edmetro. Normalmente, os monitoramentos s\u00e3o feitos apenas na &#8216;cabe\u00e7a&#8217; do tirante, o que faz com que nosso resultado detecte os movimentos de forma mais precisa. O monitoramento com fibra \u00f3ptica permite otimizar o <em>design<\/em> da ancoragem, pois \u00e9 poss\u00edvel visualizar qual o comprimento da ancoragem&nbsp;efetivamente mobilizado quando a estrutura \u00e9 tracionada.&nbsp;A fibra \u00f3ptica pode ser instalada apenas em ancoragens selecionadas, uma vez que \u00e9 um material muito caro. Nesse sentido, os modelos num\u00e9ricos al\u00e9m de contribu\u00edrem para a interpreta\u00e7\u00e3o das medi\u00e7\u00f5es de campo, permitem simular as estruturas que n\u00e3o s\u00e3o monitoradas com a fibra&#8221;, explica a pesquisadora.<\/p>\n\n\n\n<p>A partir do ensaio de campo, as simula\u00e7\u00f5es foram calibradas. &#8220;Conseguimos alcan\u00e7ar resultados bem pr\u00f3ximos&#8221;, afirma Carla Miranda Fabris. Com esse estudo, passa-se a conhecer melhor o comportamento das ancoragens quando tracionadas, o que torna poss\u00edvel evitar estruturas superdimensionadas, sem causar riscos \u00e0 constru\u00e7\u00e3o.<\/p>\n\n\n\n<p><a href=\"https:\/\/blog.ufes.br\/revistauniversidade\/tag\/ideia-premiada\/\"><strong>Ideia Premiada: conhe\u00e7a outras pesquisas da Ufes que receberam pr\u00eamios<\/strong><\/a><\/p>\n\n\n\n<h3 class=\"wp-block-heading\"><strong>Forma\u00e7\u00e3o na Ufes<\/strong><\/h3>\n\n\n\n<p>O interesse de Carla Miranda Fabris pela geotecnia se iniciou ainda na gradua\u00e7\u00e3o na Ufes. Em seu trabalho de conclus\u00e3o de curso (TCC), orientado pelo professor Patr\u00edcio Pires, do Departamento de Engenharia Civil, prop\u00f4s o uso ben\u00e9fico de sedimentos da dragagem do Porto de Vit\u00f3ria, que ocorria no per\u00edodo em que a estudante come\u00e7ou a pensar em seu TCC. &#8220;Muitas vezes esses materiais s\u00e3o contaminados e \u00e9 preciso dar uma destina\u00e7\u00e3o adequada a eles&#8221;, afirma Carla, que fez parte da pesquisa na Fran\u00e7a, em 2012, durante um programa de mobilidade internacional.<\/p>\n\n\n\n<p>O professor Patr\u00edcio Pires viu o interesse da estudante e a incentivou a ir al\u00e9m. &#8220;Motivei-a a fazer mestrado em outro lugar, para conhecer outras ideias, outra realidade. Apresentei-a \u00e0 professora Maria Claudia Barbosa, que foi sua orientadora na Coppe [Instituto Alberto Luiz Coimbra de P\u00f3s-Gradua\u00e7\u00e3o e Pesquisa de Engenharia, da Universidade Federal do Rio de Janeiro (UFRJ)], e s\u00f3 recebi elogios&#8221;, completa o professor, que trabalha h\u00e1 dez anos na Ufes.<\/p>\n\n\n\n<p>Em suas pesquisas, Pires procura estudar a destina\u00e7\u00e3o de res\u00edduos, unificando conhecimentos de engenharia civil e meio f\u00edsico (incluindo solo, rocha e \u00e1gua subterr\u00e2nea, entre outros elementos). &#8220;O Esp\u00edrito Santo produz muitos res\u00edduos de minera\u00e7\u00e3o, rochas ornamentais, sider\u00fagicas e mesmo da constru\u00e7\u00e3o civil. Desenvolvemos pesquisas aplicadas para dar uma destina\u00e7\u00e3o a esses materiais que seja mais correta ambientalmente e interessante economicamente, produzindo materiais com caracter\u00edsticas at\u00e9 melhores do que os naturais&#8221;, detalha.<\/p>\n\n\n\n<p>Uma das solu\u00e7\u00f5es j\u00e1 desenvolvidas e aplicadas pelo Professor Patr\u00edcio Pires, que utiliza res\u00edduos industriais, \u00e9 o melhoramento de solos para fins de pavimenta\u00e7\u00e3o, usado nas obras de&nbsp;<a href=\"https:\/\/www.ufes.br\/conteudo\/pesquisa-desenvolvida-na-ufes-e-aplicada-para-avaliar-qualidade-do-pavimento-na-br-101\">duplica\u00e7\u00e3o da rodovia BR-101 no Esp\u00edrito Santo<\/a>. Outros projetos, em andamento, desenvolvem solu\u00e7\u00f5es ambientalmente corretas e economicamente vi\u00e1veis para a constru\u00e7\u00e3o civil&nbsp;\u2013&nbsp;alguns deles&nbsp;s\u00e3o feitos em parceria com o Centro de Pesquisas da ArcelorMittal Tubar\u00e3o.<\/p>\n\n\n\n<p><em>*Texto publicado no Portal da Ufes em 13 de outubro de 2021 e o pr\u00eamio foi entregue \u00e0 pesquisadora no dia seguinte<\/em>. <\/p>\n","protected":false},"excerpt":{"rendered":"<div class=\"mh-excerpt\"><p>Estudo possibilita evitar estruturas superdimensionadas nos taludes e encostas, sem causar riscos \u00e0 constru\u00e7\u00e3o<\/p>\n<\/div>","protected":false},"author":350,"featured_media":2028,"comment_status":"open","ping_status":"open","sticky":false,"template":"","format":"standard","meta":{"_bbp_topic_count":0,"_bbp_reply_count":0,"_bbp_total_topic_count":0,"_bbp_total_reply_count":0,"_bbp_voice_count":0,"_bbp_anonymous_reply_count":0,"_bbp_topic_count_hidden":0,"_bbp_reply_count_hidden":0,"_bbp_forum_subforum_count":0,"_uag_custom_page_level_css":"","footnotes":""},"categories":[7,9,47],"tags":[10],"class_list":["post-2025","post","type-post","status-publish","format-standard","has-post-thumbnail","hentry","category-chamadinhas","category-noticias","category-online","tag-ideia-premiada"],"uagb_featured_image_src":{"full":["https:\/\/blog.ufes.br\/revistauniversidade\/files\/2021\/11\/geotecnia-ancoragem-carla-fabris.jpeg",1600,1067,false],"thumbnail":["https:\/\/blog.ufes.br\/revistauniversidade\/files\/2021\/11\/geotecnia-ancoragem-carla-fabris-150x150.jpeg",150,150,true],"medium":["https:\/\/blog.ufes.br\/revistauniversidade\/files\/2021\/11\/geotecnia-ancoragem-carla-fabris-300x200.jpeg",300,200,true],"medium_large":["https:\/\/blog.ufes.br\/revistauniversidade\/files\/2021\/11\/geotecnia-ancoragem-carla-fabris-768x512.jpeg",768,512,true],"large":["https:\/\/blog.ufes.br\/revistauniversidade\/files\/2021\/11\/geotecnia-ancoragem-carla-fabris-1024x683.jpeg",1024,683,true],"1536x1536":["https:\/\/blog.ufes.br\/revistauniversidade\/files\/2021\/11\/geotecnia-ancoragem-carla-fabris-1536x1024.jpeg",1536,1024,true],"2048x2048":["https:\/\/blog.ufes.br\/revistauniversidade\/files\/2021\/11\/geotecnia-ancoragem-carla-fabris.jpeg",1600,1067,false],"mh-magazine-lite-slider":["https:\/\/blog.ufes.br\/revistauniversidade\/files\/2021\/11\/geotecnia-ancoragem-carla-fabris-1030x438.jpeg",1030,438,true],"mh-magazine-lite-content":["https:\/\/blog.ufes.br\/revistauniversidade\/files\/2021\/11\/geotecnia-ancoragem-carla-fabris-678x381.jpeg",678,381,true],"mh-magazine-lite-large":["https:\/\/blog.ufes.br\/revistauniversidade\/files\/2021\/11\/geotecnia-ancoragem-carla-fabris-678x509.jpeg",678,509,true],"mh-magazine-lite-medium":["https:\/\/blog.ufes.br\/revistauniversidade\/files\/2021\/11\/geotecnia-ancoragem-carla-fabris-326x245.jpeg",326,245,true],"mh-magazine-lite-small":["https:\/\/blog.ufes.br\/revistauniversidade\/files\/2021\/11\/geotecnia-ancoragem-carla-fabris-80x60.jpeg",80,60,true]},"uagb_author_info":{"display_name":"lidia.hora","author_link":"https:\/\/blog.ufes.br\/revistauniversidade\/author\/lidia_gurgel-neves-hora\/"},"uagb_comment_info":0,"uagb_excerpt":"Estudo possibilita evitar estruturas superdimensionadas nos taludes e encostas, sem causar riscos \u00e0 constru\u00e7\u00e3o","_links":{"self":[{"href":"https:\/\/blog.ufes.br\/revistauniversidade\/wp-json\/wp\/v2\/posts\/2025","targetHints":{"allow":["GET"]}}],"collection":[{"href":"https:\/\/blog.ufes.br\/revistauniversidade\/wp-json\/wp\/v2\/posts"}],"about":[{"href":"https:\/\/blog.ufes.br\/revistauniversidade\/wp-json\/wp\/v2\/types\/post"}],"author":[{"embeddable":true,"href":"https:\/\/blog.ufes.br\/revistauniversidade\/wp-json\/wp\/v2\/users\/350"}],"replies":[{"embeddable":true,"href":"https:\/\/blog.ufes.br\/revistauniversidade\/wp-json\/wp\/v2\/comments?post=2025"}],"version-history":[{"count":2,"href":"https:\/\/blog.ufes.br\/revistauniversidade\/wp-json\/wp\/v2\/posts\/2025\/revisions"}],"predecessor-version":[{"id":2100,"href":"https:\/\/blog.ufes.br\/revistauniversidade\/wp-json\/wp\/v2\/posts\/2025\/revisions\/2100"}],"wp:featuredmedia":[{"embeddable":true,"href":"https:\/\/blog.ufes.br\/revistauniversidade\/wp-json\/wp\/v2\/media\/2028"}],"wp:attachment":[{"href":"https:\/\/blog.ufes.br\/revistauniversidade\/wp-json\/wp\/v2\/media?parent=2025"}],"wp:term":[{"taxonomy":"category","embeddable":true,"href":"https:\/\/blog.ufes.br\/revistauniversidade\/wp-json\/wp\/v2\/categories?post=2025"},{"taxonomy":"post_tag","embeddable":true,"href":"https:\/\/blog.ufes.br\/revistauniversidade\/wp-json\/wp\/v2\/tags?post=2025"}],"curies":[{"name":"wp","href":"https:\/\/api.w.org\/{rel}","templated":true}]}}