{"id":2117,"date":"2022-01-11T18:37:26","date_gmt":"2022-01-11T21:37:26","guid":{"rendered":"https:\/\/blog.ufes.br\/revistauniversidade\/?p=2117"},"modified":"2022-02-04T14:45:23","modified_gmt":"2022-02-04T17:45:23","slug":"fossil-de-especie-extinta-de-inseto-aquatico-e-encontrado-no-nordeste","status":"publish","type":"post","link":"https:\/\/blog.ufes.br\/revistauniversidade\/2022\/01\/11\/fossil-de-especie-extinta-de-inseto-aquatico-e-encontrado-no-nordeste\/","title":{"rendered":"F\u00f3ssil de esp\u00e9cie extinta de inseto aqu\u00e1tico \u00e9 encontrado no Nordeste"},"content":{"rendered":"\n<p><em>\u2013 Por No\u00e9lia Lopes* \u2013<\/em> <\/p>\n\n\n\n<p>Um f\u00f3ssil de uma nova esp\u00e9cie de inseto aqu\u00e1tico batizada de <em>Protoligoneuria heloisae<\/em> foi encontrado na unidade geol\u00f3gica Forma\u00e7\u00e3o Crato, pertencente \u00e0 Bacia do Araripe, localizada no sul do estado do Cear\u00e1. \u00c9 resultado do trabalho da doutoranda e bi\u00f3loga Arianny Storari, do Programa de P\u00f3s-gradua\u00e7\u00e3o em Ci\u00eancias Biol\u00f3gicas \u2013 Biologia Animal (PPGBAN) da Ufes. O f\u00f3ssil, que est\u00e1 datado do per\u00edodo Cret\u00e1ceo Inferior, entre 113 a 125 milh\u00f5es de anos, \u00e9 um representante da fam\u00edlia <em>Hexagenitidae<\/em> e da ordem <em>Ephemeroptera<\/em>.<\/p>\n\n\n\n<div class=\"wp-block-image\"><figure class=\"alignleft size-large is-resized\"><img loading=\"lazy\" decoding=\"async\" src=\"http:\/\/blog.ufes.br\/revistauniversidade\/files\/2022\/01\/Foto-do-holotipo-de-Protoligoneuria-heloisae.-Credito-Museu-Americano-de-Historia-Natural-Nova-York.-edited-1024x809.jpg\" alt=\"\" class=\"wp-image-2122\" width=\"351\" height=\"277\" srcset=\"https:\/\/blog.ufes.br\/revistauniversidade\/files\/2022\/01\/Foto-do-holotipo-de-Protoligoneuria-heloisae.-Credito-Museu-Americano-de-Historia-Natural-Nova-York.-edited-1024x809.jpg 1024w, https:\/\/blog.ufes.br\/revistauniversidade\/files\/2022\/01\/Foto-do-holotipo-de-Protoligoneuria-heloisae.-Credito-Museu-Americano-de-Historia-Natural-Nova-York.-edited-300x237.jpg 300w, https:\/\/blog.ufes.br\/revistauniversidade\/files\/2022\/01\/Foto-do-holotipo-de-Protoligoneuria-heloisae.-Credito-Museu-Americano-de-Historia-Natural-Nova-York.-edited-768x607.jpg 768w, https:\/\/blog.ufes.br\/revistauniversidade\/files\/2022\/01\/Foto-do-holotipo-de-Protoligoneuria-heloisae.-Credito-Museu-Americano-de-Historia-Natural-Nova-York.-edited-1536x1213.jpg 1536w, https:\/\/blog.ufes.br\/revistauniversidade\/files\/2022\/01\/Foto-do-holotipo-de-Protoligoneuria-heloisae.-Credito-Museu-Americano-de-Historia-Natural-Nova-York.-edited.jpg 1627w\" sizes=\"auto, (max-width: 351px) 100vw, 351px\" \/><figcaption><em>Hol\u00f3tipo da Protoligoneuria heloisae  (Acervo do<\/em> <em>Museu <\/em><br><em>Americano de Hist\u00f3ria Natural, Nova York<\/em>)<\/figcaption><\/figure><\/div>\n\n\n\n<p>Para a realiza\u00e7\u00e3o dessa pesquisa, Arianny Storari contou com a orienta\u00e7\u00e3o da professora Taissa Rodrigues, da Ufes, e com a colabora\u00e7\u00e3o dos professores Ant\u00f4nio \u00c1lamo Feitosa Saraiva, da Universidade Regional do Cariri (Urca) e Frederico Falc\u00e3o Salles, da Universidade Federal de Vi\u00e7osa (UFV). Al\u00e9m dos&nbsp; brasileiros, contribu\u00edram para o trabalho pesquisadores da Alemanha e da Ucr\u00e2nia.<\/p>\n\n\n\n<p>Segundo Storari, trata-se de uma descoberta rara, pois, apesar de o g\u00eanero <em>Protoligoneuria <\/em>ter apresentado fase larval abundante na regi\u00e3o do Crato, na fase adulta os f\u00f3sseis s\u00e3o raros. Isso porque suas larvas sofriam eventos de mortalidade em massa por causa de estresses clim\u00e1ticos na regi\u00e3o durante o Cret\u00e1ceo, al\u00e9m de serem insetos cuja caracter\u00edstica era viver poucos dias na vida adulta.<\/p>\n\n\n\n<p>A esp\u00e9cie, anteriormente descrita por um pesquisador americano, Dr. McCafferty, j\u00e1 falecido, por conta de um erro na interpreta\u00e7\u00e3o teve que ser novamente descrita pelos pesquisadores. \u201cTivemos que olhar um esp\u00e9cime que j\u00e1 havia sido descrito e uma outra esp\u00e9cie do mesmo grupo, proveniente das \u00faltimas escava\u00e7\u00f5es do pessoal da Urca. Al\u00e9m disso, trabalhamos com a literatura\u201d, disse Storari.<\/p>\n\n\n\n<p>Nessa descri\u00e7\u00e3o, foram utilizados materiais espec\u00edficos para facilitar o trabalho e t\u00e9cnicas de fotografia ultravioleta, porque n\u00e3o dava para ver detalhes menores a olho nu. \u201cNo caso de ainda estar coberto de calc\u00e1rio, preparamos um material qu\u00edmico para tirar essa massa e facilitar a observa\u00e7\u00e3o [do f\u00f3ssil] no microsc\u00f3pio\u201d, informou a pesquisadora.<\/p>\n\n\n\n<p>O nome <em>Protoligoneuria heloisae <\/em>foi escolhido para homenagear a bi\u00f3loga Paula Helo\u00edsa, uma colega de laborat\u00f3rio da Ufes que faleceu em junho de 2021. &#8220;Quer\u00edamos homenage\u00e1-la, por ser uma descoberta fruto do laborat\u00f3rio em que ela tamb\u00e9m trabalhava. Decidimos ent\u00e3o nomear essa esp\u00e9cie de ef\u00eamera em tributo a uma jovem pesquisadora e amiga que se foi t\u00e3o cedo&#8221;, diz Storari. Paula Helo\u00edsa tamb\u00e9m era orientada pela professora Taissa Rodrigues.<\/p>\n\n\n\n<p>Em rela\u00e7\u00e3o aos desafios enfrentados durante a descoberta, a bi\u00f3loga afirma que s\u00e3o os mesmos obst\u00e1culos encontrados por qualquer paleont\u00f3logo que faz pesquisas na regi\u00e3o da Bacia do Araripe. \u201cMuitos f\u00f3sseis n\u00e3o est\u00e3o aqui, mas, sim, fora do pa\u00eds. Para o pesquisador brasileiro, que n\u00e3o tem muita verba, \u00e9 dif\u00edcil viajar para o exterior para ver os f\u00f3sseis. Esses deveriam estar aqui, porque s\u00e3o patrim\u00f4nio cient\u00edfico brasileiro\u201d.<\/p>\n\n\n\n<p>A  doutoranda destaca que descobertas como essa s\u00e3o importantes para a fauna brasileira: \u201cNessa fase adulta h\u00e1 v\u00e1rias informa\u00e7\u00f5es anat\u00f4micas nas asas; os f\u00f3sseis ajudam a identificar os grupos. Como n\u00e3o \u00e9 sempre que encontramos adultos, eles s\u00e3o importantes para a descri\u00e7\u00e3o das esp\u00e9cies e para pensar perdas, estudar processos de extin\u00e7\u00e3o, tanto os recentes quanto os do passado\u201d.<\/p>\n\n\n\n<p><em>* Bolsista de projeto de Comunica\u00e7\u00e3o<\/em><\/p>\n\n\n\n<p>Edi\u00e7\u00e3o: Sueli de Freitas<\/p>\n\n\n\n<p><\/p>\n","protected":false},"excerpt":{"rendered":"<div class=\"mh-excerpt\"><p>A nova esp\u00e9cie, denominada Protoligoneuria heloisae, foi descoberta no Cear\u00e1 por pesquisadores de tr\u00eas universidades brasileiras.<\/p>\n<\/div>","protected":false},"author":397,"featured_media":2118,"comment_status":"open","ping_status":"open","sticky":false,"template":"","format":"standard","meta":{"_bbp_topic_count":0,"_bbp_reply_count":0,"_bbp_total_topic_count":0,"_bbp_total_reply_count":0,"_bbp_voice_count":0,"_bbp_anonymous_reply_count":0,"_bbp_topic_count_hidden":0,"_bbp_reply_count_hidden":0,"_bbp_forum_subforum_count":0,"_uag_custom_page_level_css":"","footnotes":""},"categories":[7,9,47],"tags":[96,95,97],"class_list":["post-2117","post","type-post","status-publish","format-standard","has-post-thumbnail","hentry","category-chamadinhas","category-noticias","category-online","tag-formacao-crato","tag-fossil","tag-protoligoneuria-heloisae"],"uagb_featured_image_src":{"full":["https:\/\/blog.ufes.br\/revistauniversidade\/files\/2022\/01\/Alamo-trabalhando-na-escavacao-mais-recente-na-Formacao-Crato.-Foto-Flaviana-Lima.jpg",1773,1182,false],"thumbnail":["https:\/\/blog.ufes.br\/revistauniversidade\/files\/2022\/01\/Alamo-trabalhando-na-escavacao-mais-recente-na-Formacao-Crato.-Foto-Flaviana-Lima-150x150.jpg",150,150,true],"medium":["https:\/\/blog.ufes.br\/revistauniversidade\/files\/2022\/01\/Alamo-trabalhando-na-escavacao-mais-recente-na-Formacao-Crato.-Foto-Flaviana-Lima-300x200.jpg",300,200,true],"medium_large":["https:\/\/blog.ufes.br\/revistauniversidade\/files\/2022\/01\/Alamo-trabalhando-na-escavacao-mais-recente-na-Formacao-Crato.-Foto-Flaviana-Lima-768x512.jpg",768,512,true],"large":["https:\/\/blog.ufes.br\/revistauniversidade\/files\/2022\/01\/Alamo-trabalhando-na-escavacao-mais-recente-na-Formacao-Crato.-Foto-Flaviana-Lima-1024x683.jpg",1024,683,true],"1536x1536":["https:\/\/blog.ufes.br\/revistauniversidade\/files\/2022\/01\/Alamo-trabalhando-na-escavacao-mais-recente-na-Formacao-Crato.-Foto-Flaviana-Lima-1536x1024.jpg",1536,1024,true],"2048x2048":["https:\/\/blog.ufes.br\/revistauniversidade\/files\/2022\/01\/Alamo-trabalhando-na-escavacao-mais-recente-na-Formacao-Crato.-Foto-Flaviana-Lima.jpg",1773,1182,false],"mh-magazine-lite-slider":["https:\/\/blog.ufes.br\/revistauniversidade\/files\/2022\/01\/Alamo-trabalhando-na-escavacao-mais-recente-na-Formacao-Crato.-Foto-Flaviana-Lima-1030x438.jpg",1030,438,true],"mh-magazine-lite-content":["https:\/\/blog.ufes.br\/revistauniversidade\/files\/2022\/01\/Alamo-trabalhando-na-escavacao-mais-recente-na-Formacao-Crato.-Foto-Flaviana-Lima-678x381.jpg",678,381,true],"mh-magazine-lite-large":["https:\/\/blog.ufes.br\/revistauniversidade\/files\/2022\/01\/Alamo-trabalhando-na-escavacao-mais-recente-na-Formacao-Crato.-Foto-Flaviana-Lima-678x509.jpg",678,509,true],"mh-magazine-lite-medium":["https:\/\/blog.ufes.br\/revistauniversidade\/files\/2022\/01\/Alamo-trabalhando-na-escavacao-mais-recente-na-Formacao-Crato.-Foto-Flaviana-Lima-326x245.jpg",326,245,true],"mh-magazine-lite-small":["https:\/\/blog.ufes.br\/revistauniversidade\/files\/2022\/01\/Alamo-trabalhando-na-escavacao-mais-recente-na-Formacao-Crato.-Foto-Flaviana-Lima-80x60.jpg",80,60,true]},"uagb_author_info":{"display_name":"sueli.freitas","author_link":"https:\/\/blog.ufes.br\/revistauniversidade\/author\/sueli_checon-de-freitas\/"},"uagb_comment_info":0,"uagb_excerpt":"A nova esp\u00e9cie, denominada Protoligoneuria heloisae, foi descoberta no Cear\u00e1 por pesquisadores de tr\u00eas universidades brasileiras.","_links":{"self":[{"href":"https:\/\/blog.ufes.br\/revistauniversidade\/wp-json\/wp\/v2\/posts\/2117","targetHints":{"allow":["GET"]}}],"collection":[{"href":"https:\/\/blog.ufes.br\/revistauniversidade\/wp-json\/wp\/v2\/posts"}],"about":[{"href":"https:\/\/blog.ufes.br\/revistauniversidade\/wp-json\/wp\/v2\/types\/post"}],"author":[{"embeddable":true,"href":"https:\/\/blog.ufes.br\/revistauniversidade\/wp-json\/wp\/v2\/users\/397"}],"replies":[{"embeddable":true,"href":"https:\/\/blog.ufes.br\/revistauniversidade\/wp-json\/wp\/v2\/comments?post=2117"}],"version-history":[{"count":15,"href":"https:\/\/blog.ufes.br\/revistauniversidade\/wp-json\/wp\/v2\/posts\/2117\/revisions"}],"predecessor-version":[{"id":2174,"href":"https:\/\/blog.ufes.br\/revistauniversidade\/wp-json\/wp\/v2\/posts\/2117\/revisions\/2174"}],"wp:featuredmedia":[{"embeddable":true,"href":"https:\/\/blog.ufes.br\/revistauniversidade\/wp-json\/wp\/v2\/media\/2118"}],"wp:attachment":[{"href":"https:\/\/blog.ufes.br\/revistauniversidade\/wp-json\/wp\/v2\/media?parent=2117"}],"wp:term":[{"taxonomy":"category","embeddable":true,"href":"https:\/\/blog.ufes.br\/revistauniversidade\/wp-json\/wp\/v2\/categories?post=2117"},{"taxonomy":"post_tag","embeddable":true,"href":"https:\/\/blog.ufes.br\/revistauniversidade\/wp-json\/wp\/v2\/tags?post=2117"}],"curies":[{"name":"wp","href":"https:\/\/api.w.org\/{rel}","templated":true}]}}