{"id":2293,"date":"2022-04-29T16:08:18","date_gmt":"2022-04-29T19:08:18","guid":{"rendered":"https:\/\/blog.ufes.br\/revistauniversidade\/?p=2293"},"modified":"2022-05-10T10:48:42","modified_gmt":"2022-05-10T13:48:42","slug":"pesquisas-contribuem-para-o-reconhecimento-da-geodiversidade-do-es","status":"publish","type":"post","link":"https:\/\/blog.ufes.br\/revistauniversidade\/2022\/04\/29\/pesquisas-contribuem-para-o-reconhecimento-da-geodiversidade-do-es\/","title":{"rendered":"Pesquisas contribuem para o reconhecimento da geodiversidade do ES"},"content":{"rendered":"\n<p><em>\u2013 Por No\u00e9lia Lopes* \u2013<\/em><\/p>\n\n\n\n<p>Pesquisas desenvolvidas pela Ufes em cost\u00f5es rochosos e monumentos naturais<strong> <\/strong>do Esp\u00edrito Santo est\u00e3o contribuindo para o reconhecimento da diversidade geol\u00f3gica capixaba. Seis projetos foram realizados por estudantes finalistas do curso de Geologia, no campus de Alegre no per\u00edodo de 2017 a 2021, orientados pelo professor Paulo Fortes. Com os resultados, foram produzidos mapas geol\u00f3gicos de detalhe (escalas 1:20.000 e 1:2.000) dos cost\u00f5es rochosos do estado e realizado o cadastro de cinco s\u00edtios geol\u00f3gicos capixabas no <a rel=\"noreferrer noopener\" href=\"https:\/\/www.cprm.gov.br\/geossit\/\" data-type=\"URL\" data-id=\"https:\/\/www.cprm.gov.br\/geossit\/\" target=\"_blank\"><strong>Sistema de Cadastro e Avalia\u00e7\u00e3o de S\u00edtios Geol\u00f3gicos (Geossit)<\/strong><\/a>.<\/p>\n\n\n\n<p>Quatro das pesquisas s\u00e3o sobre <em><strong>Geologia dos Cost\u00f5es Rochosos e Ilhas Costeiras<\/strong><\/em>,<strong> <\/strong>realizadas no litoral dos munic\u00edpios de Anchieta, Pi\u00fama, Guarapari, Presidente Kennedy, Marata\u00edzes, Vit\u00f3ria e Vila Velha. Foram desenvolvidas pelos estudantes Heitor Oliveira, Hudson Oliveira, Let\u00edcia D\u2019Agostim e Pedro Henrique Brand\u00e3o.<\/p>\n\n\n\n<p>Os outros trabalhos \u2013 produzidos pelos estudantes<strong> <\/strong>H\u00e9rick Ribeiro e Tamires Ribeiro \u2013 s\u00e3o relacionados \u00e0 <em><strong>Geoconserva\u00e7\u00e3o e Geoturismo do Esp\u00edrito Santo<\/strong><\/em>, sendo um sobre o Monumento Natural dos Pont\u00f5es Capixabas, localizado no munic\u00edpio<strong> <\/strong>de Pancas, e o \u00faltimo sobre a Pedra do Caramba, em Cachoeiro de Itapemirim.<\/p>\n\n\n\n<h3 class=\"wp-block-heading\"><strong>Mapas geol\u00f3gicos<\/strong><\/h3>\n\n\n\n<p>Al\u00e9m das atividades<strong> <\/strong>de campo, os pesquisadores trabalharam com an\u00e1lises de amostras em laborat\u00f3rio. O professor Fortes aponta que a exist\u00eancia de uma cartografia geol\u00f3gica estadual j\u00e1 disponibilizada pelo Servi\u00e7o Geol\u00f3gico do Brasil\/Companhia de Pesquisa de Recursos Minerais (SGB\/CPRM) colaborou para a confec\u00e7\u00e3o desses mapas. \u201cA cartografia geol\u00f3gica em n\u00edvel estadual, antes dispon\u00edvel na escala de 1:1.000.000, foi significativamente melhorada com o Mapa Geol\u00f3gico do Esp\u00edrito Santo na escala de 1:400.000 publicado pelo SGB\/CPRM em 2013. Entretanto, como explica o professor, &#8220;a cartografia geol\u00f3gica em escala de detalhe contribuiu para o melhor entendimento da evolu\u00e7\u00e3o geol\u00f3gica na \u00e1rea de estudo, ao serem definidas as rela\u00e7\u00f5es de contato entre os diferentes tipos de rochas associadas a diferentes unidades de mapeamento\u201d.<\/p>\n\n\n\n<p>Colaboraram nesses projetos os ge\u00f3logos graduados pela Ufes Marcelo Silva e Mauro Lima Filho, que captaram, utilizando drones, as imagens de alta resolu\u00e7\u00e3o espacial das regi\u00f5es estudadas.<\/p>\n\n\n\n<p>As pesquisas realizadas nas \u00e1reas de Anchieta, Pi\u00fama, Guarapari, Vit\u00f3ria e Vila Velha foram apresentadas no 50\u00ba Congresso Brasileiro de Geologia, em 2021 e em cap\u00edtulos do livro <em>Contribui\u00e7\u00f5es \u00e0 Ci\u00eancia e T\u00e9cnica dos(as) Jovens Ge\u00f3logos(as) Brasileiros(as)<\/em>, organizado pela <a rel=\"noreferrer noopener\" href=\"http:\/\/sbgeo.org.br\/\" target=\"_blank\"><strong>Sociedade Brasileira de Geologia (SBG)<\/strong><\/a>.<\/p>\n\n\n\n<h3 class=\"wp-block-heading\"><strong>S\u00edtios geol\u00f3gicos<\/strong><\/h3>\n\n\n\n<p>A partir das pesquisas, foram reconhecidos e cadastrados no Sistema de Cadastro e Avalia\u00e7\u00e3o de S\u00edtios Geol\u00f3gicos (Geossit) cinco s\u00edtios geol\u00f3gicos (geoss\u00edtios ou s\u00edtios da geodiversidade) de relev\u00e2ncia nacional: Pont\u00f5es Capixabas, O Frade e a Freira, Pico do Forno Grande, Po\u00e7os Amarelos do Parque Estadual Forno Grande e Gruta do Limoeiro.&nbsp;<\/p>\n\n\n\n<figure class=\"wp-block-image size-large is-resized\"><img loading=\"lazy\" decoding=\"async\" src=\"https:\/\/blog.ufes.br\/revistauniversidade\/files\/2022\/04\/Geossitios-1-858x1024.jpg\" alt=\"\" class=\"wp-image-2304\" width=\"644\" height=\"768\" srcset=\"https:\/\/blog.ufes.br\/revistauniversidade\/files\/2022\/04\/Geossitios-1-858x1024.jpg 858w, https:\/\/blog.ufes.br\/revistauniversidade\/files\/2022\/04\/Geossitios-1-251x300.jpg 251w, https:\/\/blog.ufes.br\/revistauniversidade\/files\/2022\/04\/Geossitios-1-768x917.jpg 768w, https:\/\/blog.ufes.br\/revistauniversidade\/files\/2022\/04\/Geossitios-1.jpg 919w\" sizes=\"auto, (max-width: 644px) 100vw, 644px\" \/><figcaption><em>Geoss\u00edtios inseridos na plataforma Geossit. Imagem: reprodu\u00e7\u00e3o<\/em><\/figcaption><\/figure>\n\n\n\n<p>O Geossit \u00e9 uma plataforma de uso p\u00fablico destinada ao invent\u00e1rio, qualifica\u00e7\u00e3o e \u00e0 avalia\u00e7\u00e3o quantitativa de geoss\u00edtios e de s\u00edtios da geodiversidade em n\u00edvel nacional. Inventariar um geoss\u00edtio \u00e9 o primeiro passo para um projeto com o objetivo de conservar o patrim\u00f4nio geol\u00f3gico. \u201cUma determinada regi\u00e3o com limites definidos deve ser escolhida, e nela s\u00e3o desenvolvidas as atividades de campo para a identifica\u00e7\u00e3o e descri\u00e7\u00e3o de sua geodiversidade, o que possibilita a caracteriza\u00e7\u00e3o de locais com aspectos \u00fanicos que podem ser considerados como geopatrim\u00f4nio&#8221;, explicou Fortes.<\/p>\n\n\n\n<p>Para o desenvolvimento dos projetos, os pesquisadores contaram com a colabora\u00e7\u00e3o do ge\u00f3logo e coordenador para o Esp\u00edrito Santo do projeto Mapa do Patrim\u00f4nio Geol\u00f3gico da Am\u00e9rica do Sul, Valter Vieira do SGB\/CPRM, e da professora Ariadne de Souza, do Departamento de Geologia da Ufes\/Alegre.<\/p>\n\n\n\n<h3 class=\"wp-block-heading\"><strong>Novo projeto&nbsp;<\/strong><\/h3>\n\n\n\n<p>Ainda neste ano, Fortes pretende desenvolver o projeto de pesquisa <strong><em>Invent\u00e1rio de locais de interesse geol\u00f3gico (geoss\u00edtios) em fal\u00e9sias, cost\u00f5es rochosos e ilhas costeiras no sul do Esp\u00edrito Santo<\/em><\/strong>. O trabalho ser\u00e1 objeto de estudo em n\u00edvel de p\u00f3s-doutorado a ser realizado no <a rel=\"noreferrer noopener\" href=\"https:\/\/www.geologia.ufrj.br\/index.php\/pt\/pos-graduacao\/sobre\" data-type=\"URL\" data-id=\"https:\/\/www.geologia.ufrj.br\/index.php\/pt\/pos-graduacao\/sobre\" target=\"_blank\"><strong>Programa de P\u00f3s-Gradua\u00e7\u00e3o em Geologia da Universidade Federal do Rio de Janeiro (UFRJ)<\/strong><\/a>, sob a supervis\u00e3o da professora K\u00e1tia Mansur.<\/p>\n\n\n\n<p><em>* Bolsista em projeto de Comunica\u00e7\u00e3o<\/em><\/p>\n","protected":false},"excerpt":{"rendered":"<div class=\"mh-excerpt\"><p>Com os resultados, foram produzidos mapas geol\u00f3gicos de detalhe de cost\u00f5es rochosos e realizado o cadastro de cinco s\u00edtios geol\u00f3gicos capixabas<\/p>\n<\/div>","protected":false},"author":397,"featured_media":2318,"comment_status":"open","ping_status":"open","sticky":false,"template":"","format":"standard","meta":{"_bbp_topic_count":0,"_bbp_reply_count":0,"_bbp_total_topic_count":0,"_bbp_total_reply_count":0,"_bbp_voice_count":0,"_bbp_anonymous_reply_count":0,"_bbp_topic_count_hidden":0,"_bbp_reply_count_hidden":0,"_bbp_forum_subforum_count":0,"_uag_custom_page_level_css":"","footnotes":""},"categories":[7,9,47],"tags":[106,105,107],"class_list":["post-2293","post","type-post","status-publish","format-standard","has-post-thumbnail","hentry","category-chamadinhas","category-noticias","category-online","tag-geodiversidade","tag-geologia","tag-geossit"],"uagb_featured_image_src":{"full":["https:\/\/blog.ufes.br\/revistauniversidade\/files\/2022\/04\/imagem-aerea-dos-costoes-rochosos-da-praia-do-sape-localizada-na-cidade-de-anchieta.-imagem-marcelo-favoreto-silva-e-mauro-de-castro-lima-filho.jpg",1080,587,false],"thumbnail":["https:\/\/blog.ufes.br\/revistauniversidade\/files\/2022\/04\/imagem-aerea-dos-costoes-rochosos-da-praia-do-sape-localizada-na-cidade-de-anchieta.-imagem-marcelo-favoreto-silva-e-mauro-de-castro-lima-filho-150x150.jpg",150,150,true],"medium":["https:\/\/blog.ufes.br\/revistauniversidade\/files\/2022\/04\/imagem-aerea-dos-costoes-rochosos-da-praia-do-sape-localizada-na-cidade-de-anchieta.-imagem-marcelo-favoreto-silva-e-mauro-de-castro-lima-filho-300x163.jpg",300,163,true],"medium_large":["https:\/\/blog.ufes.br\/revistauniversidade\/files\/2022\/04\/imagem-aerea-dos-costoes-rochosos-da-praia-do-sape-localizada-na-cidade-de-anchieta.-imagem-marcelo-favoreto-silva-e-mauro-de-castro-lima-filho-768x417.jpg",768,417,true],"large":["https:\/\/blog.ufes.br\/revistauniversidade\/files\/2022\/04\/imagem-aerea-dos-costoes-rochosos-da-praia-do-sape-localizada-na-cidade-de-anchieta.-imagem-marcelo-favoreto-silva-e-mauro-de-castro-lima-filho-1024x557.jpg",1024,557,true],"1536x1536":["https:\/\/blog.ufes.br\/revistauniversidade\/files\/2022\/04\/imagem-aerea-dos-costoes-rochosos-da-praia-do-sape-localizada-na-cidade-de-anchieta.-imagem-marcelo-favoreto-silva-e-mauro-de-castro-lima-filho.jpg",1080,587,false],"2048x2048":["https:\/\/blog.ufes.br\/revistauniversidade\/files\/2022\/04\/imagem-aerea-dos-costoes-rochosos-da-praia-do-sape-localizada-na-cidade-de-anchieta.-imagem-marcelo-favoreto-silva-e-mauro-de-castro-lima-filho.jpg",1080,587,false],"mh-magazine-lite-slider":["https:\/\/blog.ufes.br\/revistauniversidade\/files\/2022\/04\/imagem-aerea-dos-costoes-rochosos-da-praia-do-sape-localizada-na-cidade-de-anchieta.-imagem-marcelo-favoreto-silva-e-mauro-de-castro-lima-filho-1030x438.jpg",1030,438,true],"mh-magazine-lite-content":["https:\/\/blog.ufes.br\/revistauniversidade\/files\/2022\/04\/imagem-aerea-dos-costoes-rochosos-da-praia-do-sape-localizada-na-cidade-de-anchieta.-imagem-marcelo-favoreto-silva-e-mauro-de-castro-lima-filho-678x381.jpg",678,381,true],"mh-magazine-lite-large":["https:\/\/blog.ufes.br\/revistauniversidade\/files\/2022\/04\/imagem-aerea-dos-costoes-rochosos-da-praia-do-sape-localizada-na-cidade-de-anchieta.-imagem-marcelo-favoreto-silva-e-mauro-de-castro-lima-filho-678x509.jpg",678,509,true],"mh-magazine-lite-medium":["https:\/\/blog.ufes.br\/revistauniversidade\/files\/2022\/04\/imagem-aerea-dos-costoes-rochosos-da-praia-do-sape-localizada-na-cidade-de-anchieta.-imagem-marcelo-favoreto-silva-e-mauro-de-castro-lima-filho-326x245.jpg",326,245,true],"mh-magazine-lite-small":["https:\/\/blog.ufes.br\/revistauniversidade\/files\/2022\/04\/imagem-aerea-dos-costoes-rochosos-da-praia-do-sape-localizada-na-cidade-de-anchieta.-imagem-marcelo-favoreto-silva-e-mauro-de-castro-lima-filho-80x60.jpg",80,60,true]},"uagb_author_info":{"display_name":"sueli.freitas","author_link":"https:\/\/blog.ufes.br\/revistauniversidade\/author\/sueli_checon-de-freitas\/"},"uagb_comment_info":0,"uagb_excerpt":"Com os resultados, foram produzidos mapas geol\u00f3gicos de detalhe de cost\u00f5es rochosos e realizado o cadastro de cinco s\u00edtios geol\u00f3gicos capixabas","_links":{"self":[{"href":"https:\/\/blog.ufes.br\/revistauniversidade\/wp-json\/wp\/v2\/posts\/2293","targetHints":{"allow":["GET"]}}],"collection":[{"href":"https:\/\/blog.ufes.br\/revistauniversidade\/wp-json\/wp\/v2\/posts"}],"about":[{"href":"https:\/\/blog.ufes.br\/revistauniversidade\/wp-json\/wp\/v2\/types\/post"}],"author":[{"embeddable":true,"href":"https:\/\/blog.ufes.br\/revistauniversidade\/wp-json\/wp\/v2\/users\/397"}],"replies":[{"embeddable":true,"href":"https:\/\/blog.ufes.br\/revistauniversidade\/wp-json\/wp\/v2\/comments?post=2293"}],"version-history":[{"count":19,"href":"https:\/\/blog.ufes.br\/revistauniversidade\/wp-json\/wp\/v2\/posts\/2293\/revisions"}],"predecessor-version":[{"id":2329,"href":"https:\/\/blog.ufes.br\/revistauniversidade\/wp-json\/wp\/v2\/posts\/2293\/revisions\/2329"}],"wp:featuredmedia":[{"embeddable":true,"href":"https:\/\/blog.ufes.br\/revistauniversidade\/wp-json\/wp\/v2\/media\/2318"}],"wp:attachment":[{"href":"https:\/\/blog.ufes.br\/revistauniversidade\/wp-json\/wp\/v2\/media?parent=2293"}],"wp:term":[{"taxonomy":"category","embeddable":true,"href":"https:\/\/blog.ufes.br\/revistauniversidade\/wp-json\/wp\/v2\/categories?post=2293"},{"taxonomy":"post_tag","embeddable":true,"href":"https:\/\/blog.ufes.br\/revistauniversidade\/wp-json\/wp\/v2\/tags?post=2293"}],"curies":[{"name":"wp","href":"https:\/\/api.w.org\/{rel}","templated":true}]}}