{"id":2918,"date":"2023-07-05T08:52:43","date_gmt":"2023-07-05T11:52:43","guid":{"rendered":"https:\/\/blog.ufes.br\/revistauniversidade\/?p=2918"},"modified":"2023-07-31T11:22:20","modified_gmt":"2023-07-31T14:22:20","slug":"estudo-aponta-quadro-de-estresse-em-mais-de-mil-policiais-do-es","status":"publish","type":"post","link":"https:\/\/blog.ufes.br\/revistauniversidade\/2023\/07\/05\/estudo-aponta-quadro-de-estresse-em-mais-de-mil-policiais-do-es\/","title":{"rendered":"Estudo aponta quadro de estresse em mais de mil policiais do ES"},"content":{"rendered":"\n<p><em>&#8211; Por Adriana Damasceno &#8211;<\/em><\/p>\n\n\n\n<p>Uma pesquisa in\u00e9dita, elaborada por professores dos departamentos de Morfologia (DM) e Psicologia Social e Desenvolvimento (DPSD) da Ufes, atendendo a uma solicita\u00e7\u00e3o da&nbsp;Secretaria de Seguran\u00e7a P\u00fablica e Defesa Social (Sesp\/ES), concluiu que 1.250 servidores das for\u00e7as de seguran\u00e7a do Esp\u00edrito Santo apresentam condi\u00e7\u00f5es psicossociais que impactam nos afastamentos por motivos de sa\u00fade mental. O ineditismo do levantamento est\u00e1 na uni\u00e3o de todas as for\u00e7as de seguran\u00e7a do estado para realiza\u00e7\u00e3o do estudo: corpo de bombeiros, guardas municipais de Vila Velha, Serra, Linhares e Viana e pol\u00edcias civil, militar, federal e rodovi\u00e1ria federal.<\/p>\n\n\n\n<p>Intitulado&nbsp;<em>Soma-SI &#8211; Programa de Autogerenciamento do Bem-Estar a partir da An\u00e1lise do Estresse de Agentes de Seguran\u00e7a P\u00fablica do Esp\u00edrito Santo<\/em>, o levantamento \u00e9 uma pesquisa-a\u00e7\u00e3o t\u00e9cnica idealizada pelo professor do DPSD Elizeu Borloti e coordenada pela professora do DM Adriana Madeira e pelo psic\u00f3logo da Sesp Pedro Luiz Ferro, que preside a Comiss\u00e3o Permanente de Aten\u00e7\u00e3o \u00e0 Sa\u00fade dos Profissionais de Seguran\u00e7a P\u00fablica, Defesa Social e Justi\u00e7a (Copas).<\/p>\n\n\n\n<h3 class=\"wp-block-heading\"><strong>Avalia\u00e7\u00e3o<\/strong><\/h3>\n\n\n\n<p>O levantamento foi realizado entre mar\u00e7o de 2022 e fevereiro de 2023. Por meio de question\u00e1rios realizados entre os profissionais que se voluntariaram a participar do estudo (fase um), os pesquisadores avaliaram as condi\u00e7\u00f5es de estresse presentes no cotidiano dos servidores que comp\u00f5em o sistema de seguran\u00e7a p\u00fablica do estado e as formas de interven\u00e7\u00e3o para redu\u00e7\u00e3o do quadro e melhoria do bem-estar e da sa\u00fade desses profissionais.<\/p>\n\n\n\n<p>Participaram das avalia\u00e7\u00f5es 907&nbsp;servidores da regi\u00e3o Metropolitana; 273&nbsp;do Norte; 165&nbsp;do Noroeste; 158&nbsp;do Sul; e 66&nbsp;da regi\u00e3o Serrana. Destes 1.569 volunt\u00e1rios avaliados, 1.250 (79,66%) apresentavam sintomas de estresse em diferentes n\u00edveis, independentemente da regi\u00e3o de lota\u00e7\u00e3o ou da forma de execu\u00e7\u00e3o do servi\u00e7o (interno ou externo).<\/p>\n\n\n\n<p><img decoding=\"async\" src=\"https:\/\/www.ufes.br\/sites\/default\/files\/imce\/estresse_em_policiais.jpeg\" alt=\"\"><\/p>\n\n\n\n<p><em><em>Fotos: Ufes e Sesp\/ES<\/em><\/em><\/p>\n\n\n\n<p>A fase dois (avalia\u00e7\u00e3o e interven\u00e7\u00e3o) contou com a participa\u00e7\u00e3o de mais de 400 servidores civis e militares de todas as for\u00e7as policiais, que passaram por avalia\u00e7\u00e3o cardiol\u00f3gica, nutricional e psicol\u00f3gica. Dentre os instrumentos de coleta de dados que foram empregados no procedimento, est\u00e3o question\u00e1rios de consumo alimentar e cl\u00ednico; anamnese psicol\u00f3gica; e avalia\u00e7\u00e3o de escalas de&nbsp;<em>burnout<\/em>, depress\u00e3o e estresse no trabalho. Exames como eletrocardiograma, aferi\u00e7\u00e3o de press\u00e3o arterial, de peso, de altura e percentual de gordura corporal tamb\u00e9m foram realizados com os volunt\u00e1rios.<\/p>\n\n\n\n<p>A pesquisa identificou alguns trabalhadores com grau grave de ansiedade e estresse, incluindo quadro de depend\u00eancia a subst\u00e2ncias qu\u00edmicas ou risco de suic\u00eddio. Vinte e cinco por cento dos atendidos apresentaram altera\u00e7\u00f5es na press\u00e3o arterial ou nos \u00edndices glic\u00eamicos; mais da metade apresentou sintomas de&nbsp;<em>burnout&nbsp;<\/em>(esgotamento profissional); cerca de 40% tiveram&nbsp;sintomas de estresse p\u00f3s-traum\u00e1tico; e 94% apresentaram&nbsp;altera\u00e7\u00f5es no sono.<\/p>\n\n\n\n<h3 class=\"wp-block-heading\"><strong>Mulheres<\/strong><\/h3>\n\n\n\n<p>De acordo com Borloti, estudos que relacionam estresse e g\u00eanero apontam para diferen\u00e7as entre homens e mulheres no relato de sintomas, e a ins\u00f4nia acomete mais as mulheres policiais, assim como&nbsp;<em>burnout<\/em>&nbsp;e estresse p\u00f3s-traum\u00e1tico. Segundo o psic\u00f3logo Ferro, as mulheres apresentam resultados superiores por estarem \u201cmais expostas, uma vez que muitas t\u00eam mais de uma jornada de trabalho (fam\u00edlia, por exemplo)\u201d.<\/p>\n\n\n\n<p>Borloti concorda e acrescenta: \u201cA neuroqu\u00edmica feminina se soma \u00e0 sobrecarga que os papeis sociais imp\u00f5em \u00e0s mulheres enquanto estressores e ao modo como as mulheres enfrentam esses estressores. Em geral, h\u00e1 uma cultura de responsabiliza\u00e7\u00e3o das mulheres quando \u2018as coisas n\u00e3o v\u00e3o bem\u2019 na sua fam\u00edlia e nos seus relacionamentos. Por outro lado, as mulheres costumam se cuidar mais e buscar ajuda com mais facilidade\u201d.<\/p>\n\n\n\n<h3 class=\"wp-block-heading\"><strong>Pol\u00edticas de apoio<\/strong><\/h3>\n\n\n\n<p>Ao avaliar, conjuntamente, estresse, ansiedade e depress\u00e3o, os pesquisadores observaram a presen\u00e7a de depress\u00e3o em 22% dos casos; ansiedade em 19,7%; e estresse em 12,7%. \u201cO estudo originou resultados que at\u00e9 ent\u00e3o vinham sendo apresentados sem comprova\u00e7\u00e3o cient\u00edfica\u201d, ressalta Ferro.<\/p>\n\n\n\n<p>Ap\u00f3s as interven\u00e7\u00f5es realizadas durante a pesquisa, percebeu-se redu\u00e7\u00e3o significativa nos n\u00edveis de estresse entre os participantes. \u201cEste dado corrobora as pesquisas conduzidas em nossos programas de p\u00f3s-gradua\u00e7\u00e3o, validando em larga escala os resultados alcan\u00e7ados em estudos que testaram a efic\u00e1cia dessas interven\u00e7\u00f5es\u201d, analisa o professor Borloti.<\/p>\n\n\n\n<p>Para ele, o levantamento comprovou a import\u00e2ncia da articula\u00e7\u00e3o de servi\u00e7os de setores governamentais e sociais diferentes e do suporte familiar e sociocomunit\u00e1rio na solu\u00e7\u00e3o de problemas de sa\u00fade mental complexos das for\u00e7as de seguran\u00e7a. A partir dos dados obtidos, foram elaboradas sugest\u00f5es ao governo estadual, que podem ser implementadas como pol\u00edticas de apoio ao servidor da seguran\u00e7a p\u00fablica, visando a melhoria da sa\u00fade corporativa, na dire\u00e7\u00e3o do eixo \u201cvaloriza\u00e7\u00e3o do servidor\u201d, da Pol\u00edtica Nacional de Seguran\u00e7a P\u00fablica.<\/p>\n\n\n\n<p><img decoding=\"async\" alt=\"\" src=\"https:\/\/www.ufes.br\/sites\/default\/files\/imce\/whatsapp_image_2023-06-13_at_11.01.32_1.jpeg\">Dentre tais sugest\u00f5es, est\u00e3o: verifica\u00e7\u00e3o de formas de amenizar os problemas do sono dos servidores; ado\u00e7\u00e3o do modelo de terapia breve on-line para casos graves e terapias de livre ades\u00e3o ininterruptas; manuten\u00e7\u00e3o do suporte de aten\u00e7\u00e3o \u00e0 sa\u00fade de servidores nas \u00e1reas de nutri\u00e7\u00e3o, cardiologia e psicologia, em especial para o grupo feminino; implanta\u00e7\u00e3o de apoio psiqui\u00e1trico ou plano de sa\u00fade para os servidores da seguran\u00e7a p\u00fablica; e implementa\u00e7\u00e3o de local e hor\u00e1rio para alimenta\u00e7\u00e3o e realiza\u00e7\u00e3o de atividades f\u00edsicas. \u201cNosso intuito \u00e9 melhorar as condi\u00e7\u00f5es de trabalho e aumentar a produtividade, a economicidade e a qualidade da presta\u00e7\u00e3o dos servi\u00e7os p\u00fablicos de seguran\u00e7a no estado\u201d, destaca Adriana Madeira (foto).<\/p>\n\n\n\n<p>O levantamento Soma-SI contou com recursos do Fundo Nacional de Seguran\u00e7a P\u00fablica, da Secretaria Nacional de Seguran\u00e7a P\u00fablica.<\/p>\n\n\n\n<p><strong>Curso<\/strong><\/p>\n\n\n\n<p>A pesquisa originou, tamb\u00e9m, a cria\u00e7\u00e3o do curso de p\u00f3s-gradua\u00e7\u00e3o em Sa\u00fade, Direitos Humanos e Seguran\u00e7a P\u00fablica, uma parceria entre o Departamento de Ci\u00eancias Sociais (DCS\/Ufes) e a Sesp. Coordenado pelos professores Marcelo Fetz, do DCS, e Adriana Madeira, o curso \u00e9 uma especializa\u00e7\u00e3o destinada a gestores e servidores que atuam nas institui\u00e7\u00f5es de seguran\u00e7a p\u00fablica, defesa social e justi\u00e7a do Esp\u00edrito Santo. Para saber mais, acesse o <strong><a href=\"https:\/\/nupla.ufes.br\/pos-lato-sensu\">site do N\u00facleo de Pesquisa, Inova\u00e7\u00e3o e Planejamento Socioecon\u00f4mico da Ufes<\/a><\/strong>. <\/p>\n\n\n\n<p><\/p>\n","protected":false},"excerpt":{"rendered":"<div class=\"mh-excerpt\"><p>O ineditismo do levantamento est\u00e1 na uni\u00e3o de todas as for\u00e7as de seguran\u00e7a do estado para realiza\u00e7\u00e3o da pesquisa<\/p>\n<\/div>","protected":false},"author":350,"featured_media":2919,"comment_status":"open","ping_status":"open","sticky":false,"template":"","format":"standard","meta":{"_bbp_topic_count":0,"_bbp_reply_count":0,"_bbp_total_topic_count":0,"_bbp_total_reply_count":0,"_bbp_voice_count":0,"_bbp_anonymous_reply_count":0,"_bbp_topic_count_hidden":0,"_bbp_reply_count_hidden":0,"_bbp_forum_subforum_count":0,"_uag_custom_page_level_css":"","footnotes":""},"categories":[7,9,47],"tags":[],"class_list":["post-2918","post","type-post","status-publish","format-standard","has-post-thumbnail","hentry","category-chamadinhas","category-noticias","category-online"],"uagb_featured_image_src":{"full":["https:\/\/blog.ufes.br\/revistauniversidade\/files\/2023\/07\/foto-pm-es.jpg",1200,797,false],"thumbnail":["https:\/\/blog.ufes.br\/revistauniversidade\/files\/2023\/07\/foto-pm-es-150x150.jpg",150,150,true],"medium":["https:\/\/blog.ufes.br\/revistauniversidade\/files\/2023\/07\/foto-pm-es-300x199.jpg",300,199,true],"medium_large":["https:\/\/blog.ufes.br\/revistauniversidade\/files\/2023\/07\/foto-pm-es-768x510.jpg",768,510,true],"large":["https:\/\/blog.ufes.br\/revistauniversidade\/files\/2023\/07\/foto-pm-es-1024x680.jpg",1024,680,true],"1536x1536":["https:\/\/blog.ufes.br\/revistauniversidade\/files\/2023\/07\/foto-pm-es.jpg",1200,797,false],"2048x2048":["https:\/\/blog.ufes.br\/revistauniversidade\/files\/2023\/07\/foto-pm-es.jpg",1200,797,false],"mh-magazine-lite-slider":["https:\/\/blog.ufes.br\/revistauniversidade\/files\/2023\/07\/foto-pm-es-1030x438.jpg",1030,438,true],"mh-magazine-lite-content":["https:\/\/blog.ufes.br\/revistauniversidade\/files\/2023\/07\/foto-pm-es-678x381.jpg",678,381,true],"mh-magazine-lite-large":["https:\/\/blog.ufes.br\/revistauniversidade\/files\/2023\/07\/foto-pm-es-678x509.jpg",678,509,true],"mh-magazine-lite-medium":["https:\/\/blog.ufes.br\/revistauniversidade\/files\/2023\/07\/foto-pm-es-326x245.jpg",326,245,true],"mh-magazine-lite-small":["https:\/\/blog.ufes.br\/revistauniversidade\/files\/2023\/07\/foto-pm-es-80x60.jpg",80,60,true]},"uagb_author_info":{"display_name":"lidia.hora","author_link":"https:\/\/blog.ufes.br\/revistauniversidade\/author\/lidia_gurgel-neves-hora\/"},"uagb_comment_info":5,"uagb_excerpt":"O ineditismo do levantamento est\u00e1 na uni\u00e3o de todas as for\u00e7as de seguran\u00e7a do estado para realiza\u00e7\u00e3o da pesquisa","_links":{"self":[{"href":"https:\/\/blog.ufes.br\/revistauniversidade\/wp-json\/wp\/v2\/posts\/2918","targetHints":{"allow":["GET"]}}],"collection":[{"href":"https:\/\/blog.ufes.br\/revistauniversidade\/wp-json\/wp\/v2\/posts"}],"about":[{"href":"https:\/\/blog.ufes.br\/revistauniversidade\/wp-json\/wp\/v2\/types\/post"}],"author":[{"embeddable":true,"href":"https:\/\/blog.ufes.br\/revistauniversidade\/wp-json\/wp\/v2\/users\/350"}],"replies":[{"embeddable":true,"href":"https:\/\/blog.ufes.br\/revistauniversidade\/wp-json\/wp\/v2\/comments?post=2918"}],"version-history":[{"count":2,"href":"https:\/\/blog.ufes.br\/revistauniversidade\/wp-json\/wp\/v2\/posts\/2918\/revisions"}],"predecessor-version":[{"id":2923,"href":"https:\/\/blog.ufes.br\/revistauniversidade\/wp-json\/wp\/v2\/posts\/2918\/revisions\/2923"}],"wp:featuredmedia":[{"embeddable":true,"href":"https:\/\/blog.ufes.br\/revistauniversidade\/wp-json\/wp\/v2\/media\/2919"}],"wp:attachment":[{"href":"https:\/\/blog.ufes.br\/revistauniversidade\/wp-json\/wp\/v2\/media?parent=2918"}],"wp:term":[{"taxonomy":"category","embeddable":true,"href":"https:\/\/blog.ufes.br\/revistauniversidade\/wp-json\/wp\/v2\/categories?post=2918"},{"taxonomy":"post_tag","embeddable":true,"href":"https:\/\/blog.ufes.br\/revistauniversidade\/wp-json\/wp\/v2\/tags?post=2918"}],"curies":[{"name":"wp","href":"https:\/\/api.w.org\/{rel}","templated":true}]}}