{"id":2956,"date":"2023-08-04T11:00:31","date_gmt":"2023-08-04T14:00:31","guid":{"rendered":"https:\/\/blog.ufes.br\/revistauniversidade\/?p=2956"},"modified":"2023-08-11T11:35:45","modified_gmt":"2023-08-11T14:35:45","slug":"pesquisas-com-drones-sao-premiadas-em-congresso-nacional-de-aviacao-agricola","status":"publish","type":"post","link":"https:\/\/blog.ufes.br\/revistauniversidade\/2023\/08\/04\/pesquisas-com-drones-sao-premiadas-em-congresso-nacional-de-aviacao-agricola\/","title":{"rendered":"Pesquisas com drones s\u00e3o premiadas em congresso nacional de avia\u00e7\u00e3o agr\u00edcola"},"content":{"rendered":"\n<p><em>&#8211; Por Leandro Reis &#8211;<\/em><\/p>\n\n\n\n<p>Duas pesquisas do Laborat\u00f3rio de Mecaniza\u00e7\u00e3o e Defensivos Agr\u00edcolas (LMDA), vinculado ao Departamento de Ci\u00eancias Agr\u00e1rias e Biol\u00f3gicas do campus de S\u00e3o Mateus da Ufes, foram premiadas no Congresso Cient\u00edfico da Avia\u00e7\u00e3o Agr\u00edcola, realizado entre os dias 18 e 20 de julho em Sert\u00e3ozinho, S\u00e3o Paulo.<\/p>\n\n\n\n<p><em>Qualidade da pulveriza\u00e7\u00e3o com aeronave remotamente pilotada na citricultura<\/em>, de&nbsp;autoria do professor e coordenador do LMDA, Edney Vit\u00f3ria, e dos estudantes de p\u00f3s-gradua\u00e7\u00e3o Thales dos Santos e Jo\u00e3o Guilherme Nunes, recebeu o pr\u00eamio de R$ 2 mil pelo segundo lugar no congresso. J\u00e1&nbsp;<em>Controle da mancha de&nbsp;<\/em><em>phoma em aplica\u00e7\u00f5es utilizando aeronaves remotamente pilotadas em Coffea arabica<\/em>, assinada por Edney Vit\u00f3ria e C\u00e9sar Krohling, do&nbsp;Instituto Capixaba de Pesquisa, Assist\u00eancia T\u00e9cnica e Extens\u00e3o Rural (Incaper), foi agraciada com a men\u00e7\u00e3o honrosa Destaque Inova\u00e7\u00e3o. Dos 12 trabalhos finalistas, sete s\u00e3o de pesquisadores do LMDA.<\/p>\n\n\n\n<p>Realizada em campo entre 2020 e 2021, a pesquisa premiada com o segundo lugar trata da pulveriza\u00e7\u00e3o de defensivos agr\u00edcolas na cultura do lim\u00e3o por meio de&nbsp;<em>drones<\/em>, em compara\u00e7\u00e3o \u00e0 pulveriza\u00e7\u00e3o tradicional, feita com ve\u00edculos tratorizados. \u201cO objetivo era minimizar a quantidade de defensivos aplicados, reduzindo o impacto no meio ambiente. Esse objetivo foi atingido\u201d, explica o coordenador do laborat\u00f3rio.<\/p>\n\n\n\n<p>O outro estudo do LMDA, executado entre 2021 e 2022, tamb\u00e9m se refere a&nbsp;<em>drones<\/em>&nbsp;pulverizadores, desta vez \u00e0 aplica\u00e7\u00e3o de fungicidas no controle da doen\u00e7a mancha de phoma no cultivo de caf\u00e9. \u201c\u00c9 uma das doen\u00e7as mais relevantes, que causam mais impacto na produtividade do cafeeiro\u201d, diz o professor.<\/p>\n\n\n\n<h3 class=\"wp-block-heading\"><strong>Investimento<\/strong><\/h3>\n\n\n\n<p>Premiados no congresso, os pesquisadores combinaram de reinvestir os R$ 2 mil no laborat\u00f3rio. O valor permitir\u00e1 a aquisi\u00e7\u00e3o de um acess\u00f3rio chamado de \u201cmedidor de dire\u00e7\u00e3o de vento para determina\u00e7\u00e3o de deriva\u201d, conhecido popularmente como \u201cbiruta\u201d. A deriva, explica o professor, \u00e9 a quantidade de defensivos agr\u00edcolas levada pelo vento quando a aplica\u00e7\u00e3o do produto \u00e9 mal-feita.<\/p>\n\n\n\n<p>\u201cAs birutas s\u00e3o pequenas hastes que colocamos para extrair dados de deriva da pulveriza\u00e7\u00e3o. N\u00e3o temos esses acess\u00f3rios, ent\u00e3o esse investimento vai ajudar bastante o laborat\u00f3rio no processo evolutivo e metodol\u00f3gico das pesquisas\u201d, afirma ele.<\/p>\n\n\n\n<p>Al\u00e9m das pesquisas premiadas no congresso, o LDMA conduz outros estudos com&nbsp;<em>drones<\/em>&nbsp;pulverizadores, entre experimentos de inicia\u00e7\u00e3o cient\u00edfica e de mestrado. Os assuntos v\u00e3o de controle qu\u00edmico em pastagens at\u00e9 a efic\u00e1cia de bioinsumos no combate a pragas e doen\u00e7as do mamoeiro. Em mar\u00e7o deste ano, o laborat\u00f3rio teve uma&nbsp;<a href=\"https:\/\/www.ufes.br\/conteudo\/estudo-pioneiro-mostra-eficiencia-de-drones-no-controle-de-doencas-do-cafeeiro\"><strong><u><strong><u>pesquisa pioneira<\/u><\/strong><\/u><\/strong><\/a>&nbsp;no controle de doen\u00e7as no cafeeiro publicada na conceituada revista su\u00ed\u00e7a&nbsp;<em>Agronomy MDPI<\/em>, ao lado de pesquisadores chineses.<\/p>\n","protected":false},"excerpt":{"rendered":"<div class=\"mh-excerpt\"><p>Artigos premiados analisaram o uso de drones para pulverizar defensivos agr\u00edcolas em citricultura e em cafeicultura<\/p>\n<\/div>","protected":false},"author":350,"featured_media":2957,"comment_status":"open","ping_status":"open","sticky":false,"template":"","format":"standard","meta":{"_bbp_topic_count":0,"_bbp_reply_count":0,"_bbp_total_topic_count":0,"_bbp_total_reply_count":0,"_bbp_voice_count":0,"_bbp_anonymous_reply_count":0,"_bbp_topic_count_hidden":0,"_bbp_reply_count_hidden":0,"_bbp_forum_subforum_count":0,"_uag_custom_page_level_css":"","footnotes":""},"categories":[7,9,47],"tags":[],"class_list":["post-2956","post","type-post","status-publish","format-standard","has-post-thumbnail","hentry","category-chamadinhas","category-noticias","category-online"],"uagb_featured_image_src":{"full":["https:\/\/blog.ufes.br\/revistauniversidade\/files\/2023\/08\/congresso-aviacao-agricola-scaled.jpg",2560,1920,false],"thumbnail":["https:\/\/blog.ufes.br\/revistauniversidade\/files\/2023\/08\/congresso-aviacao-agricola-150x150.jpg",150,150,true],"medium":["https:\/\/blog.ufes.br\/revistauniversidade\/files\/2023\/08\/congresso-aviacao-agricola-300x225.jpg",300,225,true],"medium_large":["https:\/\/blog.ufes.br\/revistauniversidade\/files\/2023\/08\/congresso-aviacao-agricola-768x576.jpg",768,576,true],"large":["https:\/\/blog.ufes.br\/revistauniversidade\/files\/2023\/08\/congresso-aviacao-agricola-1024x768.jpg",1024,768,true],"1536x1536":["https:\/\/blog.ufes.br\/revistauniversidade\/files\/2023\/08\/congresso-aviacao-agricola-1536x1152.jpg",1536,1152,true],"2048x2048":["https:\/\/blog.ufes.br\/revistauniversidade\/files\/2023\/08\/congresso-aviacao-agricola-2048x1536.jpg",2048,1536,true],"mh-magazine-lite-slider":["https:\/\/blog.ufes.br\/revistauniversidade\/files\/2023\/08\/congresso-aviacao-agricola-1030x438.jpg",1030,438,true],"mh-magazine-lite-content":["https:\/\/blog.ufes.br\/revistauniversidade\/files\/2023\/08\/congresso-aviacao-agricola-678x381.jpg",678,381,true],"mh-magazine-lite-large":["https:\/\/blog.ufes.br\/revistauniversidade\/files\/2023\/08\/congresso-aviacao-agricola-678x509.jpg",678,509,true],"mh-magazine-lite-medium":["https:\/\/blog.ufes.br\/revistauniversidade\/files\/2023\/08\/congresso-aviacao-agricola-326x245.jpg",326,245,true],"mh-magazine-lite-small":["https:\/\/blog.ufes.br\/revistauniversidade\/files\/2023\/08\/congresso-aviacao-agricola-80x60.jpg",80,60,true]},"uagb_author_info":{"display_name":"lidia.hora","author_link":"https:\/\/blog.ufes.br\/revistauniversidade\/author\/lidia_gurgel-neves-hora\/"},"uagb_comment_info":0,"uagb_excerpt":"Artigos premiados analisaram o uso de drones para pulverizar defensivos agr\u00edcolas em citricultura e em cafeicultura","_links":{"self":[{"href":"https:\/\/blog.ufes.br\/revistauniversidade\/wp-json\/wp\/v2\/posts\/2956","targetHints":{"allow":["GET"]}}],"collection":[{"href":"https:\/\/blog.ufes.br\/revistauniversidade\/wp-json\/wp\/v2\/posts"}],"about":[{"href":"https:\/\/blog.ufes.br\/revistauniversidade\/wp-json\/wp\/v2\/types\/post"}],"author":[{"embeddable":true,"href":"https:\/\/blog.ufes.br\/revistauniversidade\/wp-json\/wp\/v2\/users\/350"}],"replies":[{"embeddable":true,"href":"https:\/\/blog.ufes.br\/revistauniversidade\/wp-json\/wp\/v2\/comments?post=2956"}],"version-history":[{"count":3,"href":"https:\/\/blog.ufes.br\/revistauniversidade\/wp-json\/wp\/v2\/posts\/2956\/revisions"}],"predecessor-version":[{"id":2968,"href":"https:\/\/blog.ufes.br\/revistauniversidade\/wp-json\/wp\/v2\/posts\/2956\/revisions\/2968"}],"wp:featuredmedia":[{"embeddable":true,"href":"https:\/\/blog.ufes.br\/revistauniversidade\/wp-json\/wp\/v2\/media\/2957"}],"wp:attachment":[{"href":"https:\/\/blog.ufes.br\/revistauniversidade\/wp-json\/wp\/v2\/media?parent=2956"}],"wp:term":[{"taxonomy":"category","embeddable":true,"href":"https:\/\/blog.ufes.br\/revistauniversidade\/wp-json\/wp\/v2\/categories?post=2956"},{"taxonomy":"post_tag","embeddable":true,"href":"https:\/\/blog.ufes.br\/revistauniversidade\/wp-json\/wp\/v2\/tags?post=2956"}],"curies":[{"name":"wp","href":"https:\/\/api.w.org\/{rel}","templated":true}]}}