{"id":3057,"date":"2023-09-18T14:11:45","date_gmt":"2023-09-18T17:11:45","guid":{"rendered":"https:\/\/blog.ufes.br\/revistauniversidade\/?p=3057"},"modified":"2023-09-28T13:22:01","modified_gmt":"2023-09-28T16:22:01","slug":"laboratorio-da-ufes-desenvolve-sabonete-com-propriedades-antimicrobianas","status":"publish","type":"post","link":"https:\/\/blog.ufes.br\/revistauniversidade\/2023\/09\/18\/laboratorio-da-ufes-desenvolve-sabonete-com-propriedades-antimicrobianas\/","title":{"rendered":"Laborat\u00f3rio da Ufes desenvolve sabonete com propriedades antimicrobianas\u00a0"},"content":{"rendered":"\n<p><em><strong>&nbsp;Ana Clara Andrade<\/strong><\/em>*<\/p>\n\n\n\n<p>O projeto da Ufes <em>Capacita\u00e7\u00e3o de estudantes do Ensino M\u00e9dio e a produ\u00e7\u00e3o de antiss\u00e9pticos para as m\u00e3os como artif\u00edcios para combater a pandemia e a infodemia causadas pelo SARS-Cov-2 no munic\u00edpio de Alegre\/ES<\/em> criou um sabonete l\u00edquido opcional ao \u00e1lcool et\u00edlico 70%. Composto, principalmente, por extrato de rom\u00e3, o produto tem em sua composi\u00e7\u00e3o agentes antimicrobianos capazes de combater bact\u00e9rias, fungos e outros micro-organismos em geral.<\/p>\n\n\n\n<p>A pesquisa foi coordenada pela professora Janaina Villanova, do Laborat\u00f3rio de Desenvolvimento de Produtos Farmac\u00eauticos (LDPF), e contou com a participa\u00e7\u00e3o da professora Juliana Resende e alunos do Laborat\u00f3rio de Microbiologia (LAM), al\u00e9m de integrantes do Grupo de Pesquisa em Sa\u00fade Humana e Animal (GPSHA) e do Grupo de An\u00e1lise Microbiol\u00f3gica Aplicada (Gram), todos vinculados ao campus da Ufes em Alegre.<\/p>\n\n\n\n<p><strong>Inicia\u00e7\u00e3o Cient\u00edfica J\u00fanior<\/strong><\/p>\n\n\n<div class=\"wp-block-image\">\n<figure class=\"alignleft size-full is-resized\"><img loading=\"lazy\" decoding=\"async\" src=\"http:\/\/blog.ufes.br\/revistauniversidade\/files\/2023\/09\/WhatsApp-Image-2023-09-01-at-22.51.23.jpeg\" alt=\"\" class=\"wp-image-3060\" style=\"width:357px;height:476px\" width=\"357\" height=\"476\" srcset=\"https:\/\/blog.ufes.br\/revistauniversidade\/files\/2023\/09\/WhatsApp-Image-2023-09-01-at-22.51.23.jpeg 768w, https:\/\/blog.ufes.br\/revistauniversidade\/files\/2023\/09\/WhatsApp-Image-2023-09-01-at-22.51.23-225x300.jpeg 225w\" sizes=\"auto, (max-width: 357px) 100vw, 357px\" \/><\/figure>\n<\/div>\n\n\n<p>Dez bolsistas estudantes da Escola Estadual de Ensino Fundamental e M\u00e9dio (EEEFM) Professor Pedro Sim\u00e3o tiveram a oportunidade de participar da elabora\u00e7\u00e3o do sabonete l\u00edquido por meio do Programa de Inicia\u00e7\u00e3o Cient\u00edfica J\u00fanior \u2013 Pesquisador do Futuro (PIC Jr.). Esse \u00e9 um edital disponibilizado pela Funda\u00e7\u00e3o de Apoio \u00e0 Pesquisa do Esp\u00edrito Santo (Fapes) para alunos da rede p\u00fablica de ensino b\u00e1sico capixaba terem experi\u00eancia com a pesquisa cient\u00edfica.<\/p>\n\n\n\n<p>Os estudantes participaram de todas as etapas do estudo, desde a formula\u00e7\u00e3o at\u00e9 a an\u00e1lise microbiol\u00f3gica. Na fase final, eles ainda tiveram a oportunidade de visitar escolas de ensino infantil do munic\u00edpio para repassar o modo correto de higieniza\u00e7\u00e3o das m\u00e3os e apresentar palestras sobre o tema.&nbsp;<\/p>\n\n\n\n<p><strong>Pandemia<\/strong><\/p>\n\n\n\n<p>O objetivo da pesquisa, pensada a partir da pandemia da Covid-19, foi desenvolver um composto alternativo ao \u00e1lcool et\u00edlico para a higieniza\u00e7\u00e3o das m\u00e3os e superf\u00edcies. Villanova lembra que a comercializa\u00e7\u00e3o de produtos para a higieniza\u00e7\u00e3o das m\u00e3os cresceu cerca de dez vezes durante o per\u00edodo mais cr\u00edtico da Covid-19, refletindo o uso expressivo por profissionais da sa\u00fade e pela popula\u00e7\u00e3o.<\/p>\n\n\n\n<p>Ela explica que embora muito eficaz e com baixa toxicidade para uso humano t\u00f3pico, o \u00e1lcool et\u00edlico pode ressecar a pele das m\u00e3os e comprometer sua estrutura de barreira, contribuindo para infec\u00e7\u00f5es por microrganismos oportunistas. \u201cNessa perspectiva, resolvemos avaliar a viabilidade do uso do extrato da casca de rom\u00e3 e sua incorpora\u00e7\u00e3o no sabonete l\u00edquido\u201d. O produto foi testado atrav\u00e9s de ensaios <em>in vitro<\/em>.<\/p>\n\n\n\n<p><strong>Casca de rom\u00e3<\/strong><\/p>\n\n\n\n<p>Alvo de pesquisas do grupo coordenado por Villanova, o derivado vegetal de extrato total seco das cascas de rom\u00e3 apresenta diversas propriedades favor\u00e1veis frente ao combate a bact\u00e9rias, fungos e outros organismos em geral, al\u00e9m de atividades cicatrizantes e antioxidantes. \u201cJ\u00e1 incorporamos o extrato em diferentes produtos, como orabase, gel, creme e filmes polim\u00e9ricos. Como todos os testes realizados <em>in vitro<\/em> ou em modelo animal foram positivos e promissores, resolvemos incorporar, tamb\u00e9m, no sabonete l\u00edquido\u201d, detalha a professora.&nbsp;<\/p>\n\n\n\n<p>Ao estabelecer o extrato de rom\u00e3 como principal componente, v\u00e1rios testes foram realizados para compor a f\u00f3rmula final, al\u00e9m das avalia\u00e7\u00f5es de seguran\u00e7a, efic\u00e1cia e funcionalidade. O produto apresentou resultados positivos e eficazes. Durante ensaios para avalia\u00e7\u00e3o da carga microbiana em superf\u00edcies ele apresentou resultados compar\u00e1veis ao do \u00e1lcool et\u00edlico 70%, com a\u00e7\u00e3o inibit\u00f3ria sobre o crescimento de bact\u00e9rias e fungos de todas as cepas testadas.<\/p>\n\n\n\n<p>Sobre a comercializa\u00e7\u00e3o do produto, a professora explica que o laborat\u00f3rio \u00e9 destinado \u00e0 pesquisa e que, para solicitar registro junto \u00e0 Ag\u00eancia Nacional de Vigil\u00e2ncia Sanit\u00e1ria (Anvisa), a fim de viabilizar a produ\u00e7\u00e3o em escala industrial, s\u00e3o necess\u00e1rias parcerias para transfer\u00eancia da formula\u00e7\u00e3o. \u201cTemos interesse em estabelecer esse tipo de parceria e j\u00e1 participamos de processos de capta\u00e7\u00e3o de ideias inovadoras\u201d, afirma Villanova.<\/p>\n\n\n\n<p>*<em>&nbsp;Bolsista de projeto de Comunica\u00e7\u00e3o<br>Fotos: Acervo do projeto<br>Edi\u00e7\u00e3o: <\/em><em>Sueli de Freitas<\/em><\/p>\n","protected":false},"excerpt":{"rendered":"<div class=\"mh-excerpt\"><p>Composto, principalmente, por extrato de rom\u00e3, o produto tem em sua composi\u00e7\u00e3o agentes antimicrobianos capazes de combater bact\u00e9rias, fungos e outros micro-organismos em geral.<\/p>\n<\/div>","protected":false},"author":397,"featured_media":3059,"comment_status":"open","ping_status":"open","sticky":false,"template":"","format":"standard","meta":{"_bbp_topic_count":0,"_bbp_reply_count":0,"_bbp_total_topic_count":0,"_bbp_total_reply_count":0,"_bbp_voice_count":0,"_bbp_anonymous_reply_count":0,"_bbp_topic_count_hidden":0,"_bbp_reply_count_hidden":0,"_bbp_forum_subforum_count":0,"_uag_custom_page_level_css":"","footnotes":""},"categories":[7,9,47],"tags":[136,133,29],"class_list":["post-3057","post","type-post","status-publish","format-standard","has-post-thumbnail","hentry","category-chamadinhas","category-noticias","category-online","tag-on-line","tag-pesquisa","tag-ufes"],"uagb_featured_image_src":{"full":["https:\/\/blog.ufes.br\/revistauniversidade\/files\/2023\/09\/WhatsApp-Image-2023-09-01-at-22.51.28.jpeg",768,1024,false],"thumbnail":["https:\/\/blog.ufes.br\/revistauniversidade\/files\/2023\/09\/WhatsApp-Image-2023-09-01-at-22.51.28-150x150.jpeg",150,150,true],"medium":["https:\/\/blog.ufes.br\/revistauniversidade\/files\/2023\/09\/WhatsApp-Image-2023-09-01-at-22.51.28-225x300.jpeg",225,300,true],"medium_large":["https:\/\/blog.ufes.br\/revistauniversidade\/files\/2023\/09\/WhatsApp-Image-2023-09-01-at-22.51.28.jpeg",768,1024,false],"large":["https:\/\/blog.ufes.br\/revistauniversidade\/files\/2023\/09\/WhatsApp-Image-2023-09-01-at-22.51.28.jpeg",768,1024,false],"1536x1536":["https:\/\/blog.ufes.br\/revistauniversidade\/files\/2023\/09\/WhatsApp-Image-2023-09-01-at-22.51.28.jpeg",768,1024,false],"2048x2048":["https:\/\/blog.ufes.br\/revistauniversidade\/files\/2023\/09\/WhatsApp-Image-2023-09-01-at-22.51.28.jpeg",768,1024,false],"mh-magazine-lite-slider":["https:\/\/blog.ufes.br\/revistauniversidade\/files\/2023\/09\/WhatsApp-Image-2023-09-01-at-22.51.28-768x438.jpeg",768,438,true],"mh-magazine-lite-content":["https:\/\/blog.ufes.br\/revistauniversidade\/files\/2023\/09\/WhatsApp-Image-2023-09-01-at-22.51.28-678x381.jpeg",678,381,true],"mh-magazine-lite-large":["https:\/\/blog.ufes.br\/revistauniversidade\/files\/2023\/09\/WhatsApp-Image-2023-09-01-at-22.51.28-678x509.jpeg",678,509,true],"mh-magazine-lite-medium":["https:\/\/blog.ufes.br\/revistauniversidade\/files\/2023\/09\/WhatsApp-Image-2023-09-01-at-22.51.28-326x245.jpeg",326,245,true],"mh-magazine-lite-small":["https:\/\/blog.ufes.br\/revistauniversidade\/files\/2023\/09\/WhatsApp-Image-2023-09-01-at-22.51.28-80x60.jpeg",80,60,true]},"uagb_author_info":{"display_name":"sueli.freitas","author_link":"https:\/\/blog.ufes.br\/revistauniversidade\/author\/sueli_checon-de-freitas\/"},"uagb_comment_info":0,"uagb_excerpt":"Composto, principalmente, por extrato de rom\u00e3, o produto tem em sua composi\u00e7\u00e3o agentes antimicrobianos capazes de combater bact\u00e9rias, fungos e outros micro-organismos em geral.","_links":{"self":[{"href":"https:\/\/blog.ufes.br\/revistauniversidade\/wp-json\/wp\/v2\/posts\/3057","targetHints":{"allow":["GET"]}}],"collection":[{"href":"https:\/\/blog.ufes.br\/revistauniversidade\/wp-json\/wp\/v2\/posts"}],"about":[{"href":"https:\/\/blog.ufes.br\/revistauniversidade\/wp-json\/wp\/v2\/types\/post"}],"author":[{"embeddable":true,"href":"https:\/\/blog.ufes.br\/revistauniversidade\/wp-json\/wp\/v2\/users\/397"}],"replies":[{"embeddable":true,"href":"https:\/\/blog.ufes.br\/revistauniversidade\/wp-json\/wp\/v2\/comments?post=3057"}],"version-history":[{"count":2,"href":"https:\/\/blog.ufes.br\/revistauniversidade\/wp-json\/wp\/v2\/posts\/3057\/revisions"}],"predecessor-version":[{"id":3076,"href":"https:\/\/blog.ufes.br\/revistauniversidade\/wp-json\/wp\/v2\/posts\/3057\/revisions\/3076"}],"wp:featuredmedia":[{"embeddable":true,"href":"https:\/\/blog.ufes.br\/revistauniversidade\/wp-json\/wp\/v2\/media\/3059"}],"wp:attachment":[{"href":"https:\/\/blog.ufes.br\/revistauniversidade\/wp-json\/wp\/v2\/media?parent=3057"}],"wp:term":[{"taxonomy":"category","embeddable":true,"href":"https:\/\/blog.ufes.br\/revistauniversidade\/wp-json\/wp\/v2\/categories?post=3057"},{"taxonomy":"post_tag","embeddable":true,"href":"https:\/\/blog.ufes.br\/revistauniversidade\/wp-json\/wp\/v2\/tags?post=3057"}],"curies":[{"name":"wp","href":"https:\/\/api.w.org\/{rel}","templated":true}]}}