{"id":3164,"date":"2024-01-09T13:00:00","date_gmt":"2024-01-09T16:00:00","guid":{"rendered":"https:\/\/blog.ufes.br\/revistauniversidade\/?p=3164"},"modified":"2024-02-22T17:20:23","modified_gmt":"2024-02-22T20:20:23","slug":"startup-incubada-na-ufes-lanca-plataforma-de-inteligencia-artificial-para-empresas","status":"publish","type":"post","link":"https:\/\/blog.ufes.br\/revistauniversidade\/2024\/01\/09\/startup-incubada-na-ufes-lanca-plataforma-de-inteligencia-artificial-para-empresas\/","title":{"rendered":"Startup\u00a0incubada na Ufes lan\u00e7a plataforma de intelig\u00eancia artificial para empresas"},"content":{"rendered":"\n<p><strong><em>Sueli de Freitas<\/em><\/strong><\/p>\n\n\n\n<p>A startup&nbsp;Aumo, incubada no&nbsp;<strong><a href=\"https:\/\/inova.ufes.br\/espaco-empreendedor-ufes\" target=\"_blank\" rel=\"noreferrer noopener\">Espa\u00e7o Empreendedor da Ufes<\/a><\/strong>, est\u00e1 lan\u00e7ando uma plataforma de intelig\u00eancia artificial para empresas batizada com o nome Aumo&nbsp;GPT. \u00c9 a primeira do Esp\u00edrito Santo que tem uma rede neural do tipo generativa, treinada e customizada no Estado usando os recursos do Atena, um supercomputador adquirido pela Universidade&nbsp;para modelar a plataforma de intelig\u00eancia artificial. A Aumo GPT \u00e9 um&nbsp;<em>chatbot<\/em>&nbsp;on-line de intelig\u00eancia artificial semelhante aos lan\u00e7ados por grande empresas no mundo.<\/p>\n\n\n\n<p>A iniciativa que nasceu na federal capixaba teve sua prova de conceito realizada no Sistema Banestes e aprovada pelo banco. Agora, a startup e o Banestes est\u00e3o em negocia\u00e7\u00e3o para a implanta\u00e7\u00e3o do servi\u00e7o na \u00e1rea administrativa e na rede de ag\u00eancias da institui\u00e7\u00e3o financeira. Se fechado o acordo, o Banestes ser\u00e1 o primeiro de muitos clientes que a startup pretende conquistar no mercado capixaba, oferecendo seu servi\u00e7o de informa\u00e7\u00e3o que funciona de&nbsp;forma aut\u00f4noma e inteligente, utilizando redes neurais profundas personalizadas de f\u00e1cil acesso via web e em tempo real.&nbsp;Os pre\u00e7os da licen\u00e7a de uso mensal ainda est\u00e3o sendo mensurados, mas v\u00e3o variar de acordo com o tamanho da empresa e a quantidade de dados processados.<\/p>\n\n\n\n<p>\u201cTrabalhamos com uma rede neural profunda do tipo generativa que tem capacidade equivalente ao ChatGPT. Essa plataforma permite que o conhecimento de uma empresa (dados de gest\u00e3o e outros) sejam inseridos, organizados e, a partir da\u00ed, s\u00e3o respondidas perguntas levando-se em conta a documenta\u00e7\u00e3o indexada. Assim, essas informa\u00e7\u00f5es ficam acess\u00edveis aos empregados e n\u00e3o se perdem no decorrer do tempo\u201d, afirma o professor Alberto Ferreira, um dos pesquisadores da Aumo. A rede neural generativa, explica o professor, imita a mente humana e, a partir da inser\u00e7\u00e3o de dados no programa de computador, as conex\u00f5es s\u00e3o estabelecidas sendo poss\u00edvel a realiza\u00e7\u00e3o das tarefas demandadas.<\/p>\n\n\n\n<p>Para desenvolver a plataforma, a equipe da Aumo, formada por tr\u00eas professores do Departamento de Inform\u00e1tica da Ufes (Alberto Ferreira, Claudine Badue e Thiago Santos) e dois alunos do curso de Engenharia El\u00e9trica, al\u00e9m de tr\u00eas colaboradores externos das \u00e1reas de programa\u00e7\u00e3o e administrativa, aproveitou experi\u00eancias de outras pesquisas e adaptou c\u00f3digos livres. A Ufes adquiriu o supercomputador Atena, com tr\u00eas placas nvidia A100 e&nbsp;80 GB de mem\u00f3ria, para estudo dos modelos e aprendizado cient\u00edfico &#8211; o Atena tamb\u00e9m vai atender a projetos de outros departamentos da Ufes. Depois de acabado, o sistema foi migrado para a nuvem.<\/p>\n\n\n\n<p>\u201cA Ufes teve um papel fundamental para que esse projeto evolu\u00edsse. O acolhimento das startups no Espa\u00e7o Empreendedor \u00e9 de suma import\u00e2ncia para que o conhecimento n\u00e3o vire apenas papel na estante. Temos que valorizar o esfor\u00e7o da Universidade em criar o espa\u00e7o para que alunos, professores e t\u00e9cnicos&nbsp;possam gerar conhecimento, riqueza, renda e emprego; em dar condi\u00e7\u00f5es aos pesquisadores de estar no n\u00edvel de estado da arte\u201d, afirma o professor Ferreira.<\/p>\n\n\n\n<p><strong>Experi\u00eancia no Banestes<\/strong><\/p>\n\n\n\n<p>O diretor de Tecnologia do Banestes, Vicente Duarte, avaliou como positiva a experi\u00eancia com a plataforma Aumo GPT. \u201cRealizamos uma opera\u00e7\u00e3o assistida para conhecer mais detalhadamente a plataforma. Foi uma experi\u00eancia&nbsp; positiva, em que testamos a capacidade e habilidade em fornecer respostas coerentes e informativas aos usu\u00e1rios, contribuindo para uma experi\u00eancia aprimorada\u201d, afirmou.<\/p>\n\n\n\n<p>A base de dados utilizada no Banestes continha informa\u00e7\u00f5es ligadas \u00e0s \u00e1reas que apresentam alto n\u00famero de atendimentos em busca de orienta\u00e7\u00f5es e procedimentos internos. \u201cA utiliza\u00e7\u00e3o da ferramenta contribuiu para atendimentos mais \u00e1geis e eficazes aos usu\u00e1rios. Ao atuar como um FAQ (perguntas e respostas) inteligente, a plataforma se prop\u00f5e a facilitar a automa\u00e7\u00e3o de tarefas rotineiras e repetitivas, bem como a nos apoiar em treinamentos e alinhamentos operacionais com os empregados\u201d, disse o diretor.<\/p>\n\n\n\n<p>Na sua avalia\u00e7\u00e3o, \u201ca experi\u00eancia de testar uma ferramenta de GPT em uma opera\u00e7\u00e3o assistida foi bastante interessante e esclarecedora. A capacidade da ferramenta \u00e9 promissora em compreender e gerar respostas inteligentes conforme o contexto apresentado. Acreditamos no potencial da ferramenta para ser utilizada em ambiente corporativo a partir de aprimoramentos em sua interface e indicadores, ampliando ainda mais suas entregas de valor\u201d.<\/p>\n\n\n\n<p><em>Edi\u00e7\u00e3o: Thereza Marinho<\/em><\/p>\n\n\n\n<p><em>Imagem: Freepik<\/em><\/p>\n","protected":false},"excerpt":{"rendered":"<div class=\"mh-excerpt\"><p>\u00c9 a primeira do Esp\u00edrito Santo que tem uma rede neural do tipo generativa, treinada e customizada no Estado<\/p>\n<\/div>","protected":false},"author":397,"featured_media":3165,"comment_status":"open","ping_status":"open","sticky":false,"template":"","format":"standard","meta":{"_bbp_topic_count":0,"_bbp_reply_count":0,"_bbp_total_topic_count":0,"_bbp_total_reply_count":0,"_bbp_voice_count":0,"_bbp_anonymous_reply_count":0,"_bbp_topic_count_hidden":0,"_bbp_reply_count_hidden":0,"_bbp_forum_subforum_count":0,"_uag_custom_page_level_css":"","footnotes":""},"categories":[44,7,9,47],"tags":[153,154,152],"class_list":["post-3164","post","type-post","status-publish","format-standard","has-post-thumbnail","hentry","category-artigos","category-chamadinhas","category-noticias","category-online","tag-aumo-gpt","tag-gpt","tag-ia"],"uagb_featured_image_src":{"full":["https:\/\/blog.ufes.br\/revistauniversidade\/files\/2023\/12\/IA.jpg",360,259,false],"thumbnail":["https:\/\/blog.ufes.br\/revistauniversidade\/files\/2023\/12\/IA-150x150.jpg",150,150,true],"medium":["https:\/\/blog.ufes.br\/revistauniversidade\/files\/2023\/12\/IA-300x216.jpg",300,216,true],"medium_large":["https:\/\/blog.ufes.br\/revistauniversidade\/files\/2023\/12\/IA.jpg",360,259,false],"large":["https:\/\/blog.ufes.br\/revistauniversidade\/files\/2023\/12\/IA.jpg",360,259,false],"1536x1536":["https:\/\/blog.ufes.br\/revistauniversidade\/files\/2023\/12\/IA.jpg",360,259,false],"2048x2048":["https:\/\/blog.ufes.br\/revistauniversidade\/files\/2023\/12\/IA.jpg",360,259,false],"mh-magazine-lite-slider":["https:\/\/blog.ufes.br\/revistauniversidade\/files\/2023\/12\/IA.jpg",360,259,false],"mh-magazine-lite-content":["https:\/\/blog.ufes.br\/revistauniversidade\/files\/2023\/12\/IA.jpg",360,259,false],"mh-magazine-lite-large":["https:\/\/blog.ufes.br\/revistauniversidade\/files\/2023\/12\/IA.jpg",360,259,false],"mh-magazine-lite-medium":["https:\/\/blog.ufes.br\/revistauniversidade\/files\/2023\/12\/IA-326x245.jpg",326,245,true],"mh-magazine-lite-small":["https:\/\/blog.ufes.br\/revistauniversidade\/files\/2023\/12\/IA-80x60.jpg",80,60,true]},"uagb_author_info":{"display_name":"sueli.freitas","author_link":"https:\/\/blog.ufes.br\/revistauniversidade\/author\/sueli_checon-de-freitas\/"},"uagb_comment_info":1,"uagb_excerpt":"\u00c9 a primeira do Esp\u00edrito Santo que tem uma rede neural do tipo generativa, treinada e customizada no Estado","_links":{"self":[{"href":"https:\/\/blog.ufes.br\/revistauniversidade\/wp-json\/wp\/v2\/posts\/3164","targetHints":{"allow":["GET"]}}],"collection":[{"href":"https:\/\/blog.ufes.br\/revistauniversidade\/wp-json\/wp\/v2\/posts"}],"about":[{"href":"https:\/\/blog.ufes.br\/revistauniversidade\/wp-json\/wp\/v2\/types\/post"}],"author":[{"embeddable":true,"href":"https:\/\/blog.ufes.br\/revistauniversidade\/wp-json\/wp\/v2\/users\/397"}],"replies":[{"embeddable":true,"href":"https:\/\/blog.ufes.br\/revistauniversidade\/wp-json\/wp\/v2\/comments?post=3164"}],"version-history":[{"count":2,"href":"https:\/\/blog.ufes.br\/revistauniversidade\/wp-json\/wp\/v2\/posts\/3164\/revisions"}],"predecessor-version":[{"id":3172,"href":"https:\/\/blog.ufes.br\/revistauniversidade\/wp-json\/wp\/v2\/posts\/3164\/revisions\/3172"}],"wp:featuredmedia":[{"embeddable":true,"href":"https:\/\/blog.ufes.br\/revistauniversidade\/wp-json\/wp\/v2\/media\/3165"}],"wp:attachment":[{"href":"https:\/\/blog.ufes.br\/revistauniversidade\/wp-json\/wp\/v2\/media?parent=3164"}],"wp:term":[{"taxonomy":"category","embeddable":true,"href":"https:\/\/blog.ufes.br\/revistauniversidade\/wp-json\/wp\/v2\/categories?post=3164"},{"taxonomy":"post_tag","embeddable":true,"href":"https:\/\/blog.ufes.br\/revistauniversidade\/wp-json\/wp\/v2\/tags?post=3164"}],"curies":[{"name":"wp","href":"https:\/\/api.w.org\/{rel}","templated":true}]}}