{"id":3226,"date":"2024-03-26T15:56:25","date_gmt":"2024-03-26T18:56:25","guid":{"rendered":"https:\/\/blog.ufes.br\/revistauniversidade\/?p=3226"},"modified":"2024-04-19T14:39:39","modified_gmt":"2024-04-19T17:39:39","slug":"pesquisa-traca-perfil-da-dengue-em-vitoria-com-base-em-dados-da-epidemia-de-2020","status":"publish","type":"post","link":"https:\/\/blog.ufes.br\/revistauniversidade\/2024\/03\/26\/pesquisa-traca-perfil-da-dengue-em-vitoria-com-base-em-dados-da-epidemia-de-2020\/","title":{"rendered":"Pesquisa tra\u00e7a perfil da dengue em Vit\u00f3ria com base em dados da epidemia de 2020"},"content":{"rendered":"\n<p><strong>Dhebora Molina<\/strong>*<\/p>\n\n\n\n<p>Uma pesquisa desenvolvida no Programa de P\u00f3s-Gradua\u00e7\u00e3o em Doen\u00e7as Infecciosas da Ufes tra\u00e7ou o perfil da dengue na epidemia ocorrida no ano de 2020 em Vit\u00f3ria. As \u00e1reas de maior incid\u00eancia da doen\u00e7a foram os bairros das regi\u00f5es de Santo Ant\u00f4nio e S\u00e3o Pedro, com um posterior avan\u00e7o para a regi\u00e3o de Maru\u00edpe. Os resultados demonstraram que mulheres, negros, indiv\u00edduos com menor escolaridade e o grupo de pessoas com idade entre 10 e 19 anos t\u00eam maior suscetibilidade em contrair a doen\u00e7a. Os dados revelam o rejuvenescimento dos grupos mais afetados, que usualmente eram os adultos.<\/p>\n\n\n\n<p>O estudo&nbsp;<em>Caracter\u00edsticas Epidemiol\u00f3gicas dos Casos Notificados de Dengue no Munic\u00edpio de Vit\u00f3ria-ES no Per\u00edodo 2018-2020<\/em>&nbsp;foi desenvolvido como disserta\u00e7\u00e3o de mestrado da estudante Lylian Resende, sob orienta\u00e7\u00e3o do professor Crispim Cerutti<strong>.&nbsp;<\/strong>Durante tr\u00eas anos, foram analisados fatores determinantes envolvidos na dissemina\u00e7\u00e3o da dengue com o objetivo de contribuir com discuss\u00f5es sobre o tema e propor medidas integrativas entre o setor de Vigil\u00e2ncia Epidemiol\u00f3gica e a comunidade,&nbsp;e controlar a doen\u00e7a no munic\u00edpio de Vit\u00f3ria.<\/p>\n\n\n\n<p>\u201cA import\u00e2ncia dessa pesquisa reside no acompanhamento da din\u00e2mica de transmiss\u00e3o da dengue, apontando \u00e1reas vulner\u00e1veis e indicando medidas de sa\u00fade p\u00fablica capazes de reduzir os danos e atenuar os \u00edndices\u201d, afirma Cerutti.<\/p>\n\n\n\n<p><strong>Sorotipo<\/strong><\/p>\n\n\n\n<p>A epidemia do ano de 2020 ocorreu devido ao sorotipo&nbsp;DENV-2, que n\u00e3o circulava na capital espiritossantense desde 2011.&nbsp;A pesquisadora Lylian Resende explicou que,&nbsp;devido ao lapso temporal desde a \u00faltima circula\u00e7\u00e3o do DENV-2,&nbsp;um maior n\u00famero&nbsp;de indiv\u00edduos n\u00e3o havia tido&nbsp;contato pr\u00e9vio com esse sorotipo. \u201cA distribui\u00e7\u00e3o disseminada dos mosquitos devido \u00e0s chuvas aliada a essa din\u00e2mica de indiv\u00edduos suscet\u00edveis criaram as condi\u00e7\u00f5es ideais para uma epidemia da dengue\u201d, afirmou.<\/p>\n\n\n\n<p>Os&nbsp;dados demonstraram que os picos em 2019 e 2020 ocorreram entre per\u00edodos de baixa precipita\u00e7\u00e3o. Segundo a pesquisadora, esse atraso entre o per\u00edodo de chuvas e os casos notificados \u00e9 causado pelo tempo de ciclo de vida do&nbsp;mosquito transmissor, o Aedes aegypti. Dessa maneira, o aumento de casos em determinado m\u00eas geralmente est\u00e1 relacionado com o aumento de chuvas no m\u00eas anterior ou at\u00e9 dois meses antes. Ou seja, a rela\u00e7\u00e3o entre a precipita\u00e7\u00e3o e a incid\u00eancia de casos existe, mas n\u00e3o \u00e9 instant\u00e2nea.&nbsp;<\/p>\n\n\n\n<p>Em rela\u00e7\u00e3o ao grupo de risco, h\u00e1&nbsp;uma maior associa\u00e7\u00e3o&nbsp;da dengue no grupo de adolescentes, seguido por adultos, idosos e, por \u00faltimo, crian\u00e7as. A frequ\u00eancia menor em crian\u00e7as pode representar subnotifica\u00e7\u00e3o por diversos fatores: seja porque o diagn\u00f3stico neste grupo et\u00e1rio \u00e9 mais dif\u00edcil devido \u00e0 inespecificidade da apresenta\u00e7\u00e3o cl\u00ednica, seja pela maior possibilidade de infec\u00e7\u00e3o assintom\u00e1tica nessa faixa et\u00e1ria. J\u00e1 a invers\u00e3o da faixa&nbsp;et\u00e1ria ocorreu em virtude de repetidas epidemias ao longo dos anos, em que houve ampla prote\u00e7\u00e3o imunol\u00f3gica aos adultos, restando os jovens como os mais suscet\u00edveis.&nbsp;<\/p>\n\n\n\n<p>Ainda sobre as vari\u00e1veis demogr\u00e1ficas dos indiv\u00edduos suscet\u00edveis a contrair a dengue, a pesquisadora comentou: \u201cas arboviroses (doen\u00e7as causadas por artr\u00f3podes, entre eles os mosquitos) n\u00e3o se distribuem uniformemente nas diferentes popula\u00e7\u00f5es, de modo que existem grupos com maior risco de apresentarem a doen\u00e7a\u201d.&nbsp;A maior incid\u00eancia em mulheres pode ser atribu\u00edda \u00e0&nbsp;perman\u00eancia&nbsp;mais frequente&nbsp;de indiv\u00edduos do sexo feminino no domic\u00edlio. A maior associa\u00e7\u00e3o com pessoas negras e pardas se d\u00e1 devido a serem parte do grupo de maior vulnerabilidade social.<\/p>\n\n\n\n<p>Os estudos demonstraram que viver em apartamentos \u00e9 um fator de prote\u00e7\u00e3o \u00e0 doen\u00e7a, pois esses usualmente possuem uma administra\u00e7\u00e3o centralizada que normalmente observa os cuidados de limpeza e manuten\u00e7\u00e3o das \u00e1reas comuns, diminuindo a infesta\u00e7\u00e3o de mosquitos.&nbsp;<\/p>\n\n\n\n<p>A coorientadora da pesquisa, professora Creuza Vicente, salientou a relev\u00e2ncia da pesquisa no cen\u00e1rio nacional: \u201cela sugere caracter\u00edsticas que podem estar associadas a um maior risco de ocorrer a doen\u00e7a e que podem ser observadas em outros locais, como \u00e9 o caso dos fatores socioecon\u00f4micos\u201d.<\/p>\n\n\n\n<p><em>*Bolsista em projeto de comunica\u00e7\u00e3o<\/em><\/p>\n\n\n\n<p><em>Edi\u00e7\u00e3o:\u00a0Sueli de Freitas e Thereza Marinho<\/em><\/p>\n","protected":false},"excerpt":{"rendered":"<div class=\"mh-excerpt\"><p>As \u00e1reas de maior incid\u00eancia da doen\u00e7a foram os bairros das regi\u00f5es de Santo Ant\u00f4nio e S\u00e3o Pedro, com um posterior avan\u00e7o para a regi\u00e3o de Maru\u00edpe.<\/p>\n<\/div>","protected":false},"author":397,"featured_media":1625,"comment_status":"open","ping_status":"open","sticky":false,"template":"","format":"standard","meta":{"_bbp_topic_count":0,"_bbp_reply_count":0,"_bbp_total_topic_count":0,"_bbp_total_reply_count":0,"_bbp_voice_count":0,"_bbp_anonymous_reply_count":0,"_bbp_topic_count_hidden":0,"_bbp_reply_count_hidden":0,"_bbp_forum_subforum_count":0,"_uag_custom_page_level_css":"","footnotes":""},"categories":[7,9,47],"tags":[171,172,131],"class_list":["post-3226","post","type-post","status-publish","format-standard","has-post-thumbnail","hentry","category-chamadinhas","category-noticias","category-online","tag-dengue","tag-epidemia","tag-vitoria"],"uagb_featured_image_src":{"full":["https:\/\/blog.ufes.br\/revistauniversidade\/files\/2021\/04\/aedes_dengue_1.jpeg",1170,700,false],"thumbnail":["https:\/\/blog.ufes.br\/revistauniversidade\/files\/2021\/04\/aedes_dengue_1-150x150.jpeg",150,150,true],"medium":["https:\/\/blog.ufes.br\/revistauniversidade\/files\/2021\/04\/aedes_dengue_1-300x179.jpeg",300,179,true],"medium_large":["https:\/\/blog.ufes.br\/revistauniversidade\/files\/2021\/04\/aedes_dengue_1-768x459.jpeg",768,459,true],"large":["https:\/\/blog.ufes.br\/revistauniversidade\/files\/2021\/04\/aedes_dengue_1-1024x613.jpeg",1024,613,true],"1536x1536":["https:\/\/blog.ufes.br\/revistauniversidade\/files\/2021\/04\/aedes_dengue_1.jpeg",1170,700,false],"2048x2048":["https:\/\/blog.ufes.br\/revistauniversidade\/files\/2021\/04\/aedes_dengue_1.jpeg",1170,700,false],"mh-magazine-lite-slider":["https:\/\/blog.ufes.br\/revistauniversidade\/files\/2021\/04\/aedes_dengue_1-1030x438.jpeg",1030,438,true],"mh-magazine-lite-content":["https:\/\/blog.ufes.br\/revistauniversidade\/files\/2021\/04\/aedes_dengue_1-678x381.jpeg",678,381,true],"mh-magazine-lite-large":["https:\/\/blog.ufes.br\/revistauniversidade\/files\/2021\/04\/aedes_dengue_1-678x509.jpeg",678,509,true],"mh-magazine-lite-medium":["https:\/\/blog.ufes.br\/revistauniversidade\/files\/2021\/04\/aedes_dengue_1-326x245.jpeg",326,245,true],"mh-magazine-lite-small":["https:\/\/blog.ufes.br\/revistauniversidade\/files\/2021\/04\/aedes_dengue_1-80x60.jpeg",80,60,true]},"uagb_author_info":{"display_name":"sueli.freitas","author_link":"https:\/\/blog.ufes.br\/revistauniversidade\/author\/sueli_checon-de-freitas\/"},"uagb_comment_info":15,"uagb_excerpt":"As \u00e1reas de maior incid\u00eancia da doen\u00e7a foram os bairros das regi\u00f5es de Santo Ant\u00f4nio e S\u00e3o Pedro, com um posterior avan\u00e7o para a regi\u00e3o de Maru\u00edpe.","_links":{"self":[{"href":"https:\/\/blog.ufes.br\/revistauniversidade\/wp-json\/wp\/v2\/posts\/3226","targetHints":{"allow":["GET"]}}],"collection":[{"href":"https:\/\/blog.ufes.br\/revistauniversidade\/wp-json\/wp\/v2\/posts"}],"about":[{"href":"https:\/\/blog.ufes.br\/revistauniversidade\/wp-json\/wp\/v2\/types\/post"}],"author":[{"embeddable":true,"href":"https:\/\/blog.ufes.br\/revistauniversidade\/wp-json\/wp\/v2\/users\/397"}],"replies":[{"embeddable":true,"href":"https:\/\/blog.ufes.br\/revistauniversidade\/wp-json\/wp\/v2\/comments?post=3226"}],"version-history":[{"count":3,"href":"https:\/\/blog.ufes.br\/revistauniversidade\/wp-json\/wp\/v2\/posts\/3226\/revisions"}],"predecessor-version":[{"id":3229,"href":"https:\/\/blog.ufes.br\/revistauniversidade\/wp-json\/wp\/v2\/posts\/3226\/revisions\/3229"}],"wp:featuredmedia":[{"embeddable":true,"href":"https:\/\/blog.ufes.br\/revistauniversidade\/wp-json\/wp\/v2\/media\/1625"}],"wp:attachment":[{"href":"https:\/\/blog.ufes.br\/revistauniversidade\/wp-json\/wp\/v2\/media?parent=3226"}],"wp:term":[{"taxonomy":"category","embeddable":true,"href":"https:\/\/blog.ufes.br\/revistauniversidade\/wp-json\/wp\/v2\/categories?post=3226"},{"taxonomy":"post_tag","embeddable":true,"href":"https:\/\/blog.ufes.br\/revistauniversidade\/wp-json\/wp\/v2\/tags?post=3226"}],"curies":[{"name":"wp","href":"https:\/\/api.w.org\/{rel}","templated":true}]}}