{"id":3264,"date":"2024-05-14T16:32:55","date_gmt":"2024-05-14T19:32:55","guid":{"rendered":"https:\/\/blog.ufes.br\/revistauniversidade\/?p=3264"},"modified":"2024-06-06T15:37:37","modified_gmt":"2024-06-06T18:37:37","slug":"cigarro-e-falta-de-instrucao-levam-a-anemia-na-gravidez","status":"publish","type":"post","link":"https:\/\/blog.ufes.br\/revistauniversidade\/2024\/05\/14\/cigarro-e-falta-de-instrucao-levam-a-anemia-na-gravidez\/","title":{"rendered":"Cigarro e falta de instru\u00e7\u00e3o aumentam o risco de anemia na gravidez"},"content":{"rendered":"\n<p>Dh\u00e9bora Molina*<\/p>\n\n\n\n<p>Mulheres fumantes e de baixa escolaridade s\u00e3o as mais suscet\u00edveis a apresentarem anemia ferropriva durante o per\u00edodo de gravidez, revela pesquisa\u00a0 \u201cAnemia em gestantes da Regi\u00e3o Metropolitana da Grande Vit\u00f3ria\u201d, desenvolvida pela\u00a0 mestranda Elda Dam\u00e9tas, sob orienta\u00e7\u00e3o do professor Edson Theodoro dos Santos Neto, no Programa de P\u00f3s-Gradua\u00e7\u00e3o em Sa\u00fade Coletiva (PPGSC) da Ufes. Esse tipo de anemia pode acarretar baixo peso do beb\u00ea, parto prematuro, rec\u00e9m-nascido pequeno para a idade gestacional, hemorragia p\u00f3s-parto, pr\u00e9-ecl\u00e2mpsia e levar \u00e0 necessidade de transfus\u00e3o de sangue.\u00a0<\/p>\n\n\n\n<p>O estudo averiguou fatores sociais influenciadores das baixas taxas de hemoglobina durante o per\u00edodo gestacional. Por meio de an\u00e1lise de sangue de 990 pu\u00e9rperas residentes na Regi\u00e3o Metropolitana da Grande Vit\u00f3ria, foi observada a frequ\u00eancia de anemia segundo dados sociodemogr\u00e1ficos, cl\u00ednicos e obst\u00e9tricos, al\u00e9m de h\u00e1bitos de vida e orienta\u00e7\u00e3o sobre alimenta\u00e7\u00e3o saud\u00e1vel.&nbsp;<\/p>\n\n\n\n<p>Foram utilizados dois m\u00e9todos na pesquisa: o da Organiza\u00e7\u00e3o Mundial da Sa\u00fade (OMS) e o da semana gestacional. No primeiro m\u00e9todo a anemia \u00e9 definida como&nbsp; uma concentra\u00e7\u00e3o de hemoglobina (Hb) abaixo de 110 g\/L em qualquer momento da gravidez. No segundo, o diagn\u00f3stico \u00e9 realizado com base em valores de hemoglobina de acordo com a semana gestacional. O m\u00e9todo da semana gestacional \u00e9 aplicado apenas a mulheres acima da 14\u00aa semana de gesta\u00e7\u00e3o. Sobre isso, o orientador explicou que as mudan\u00e7as hormonais come\u00e7am a ocorrer no primeiro trimestre da gesta\u00e7\u00e3o e a partir da 14\u00aa semana \u00e9 poss\u00edvel obter dados suficientes para medir as altera\u00e7\u00f5es das taxas de hemoglobina devido a gravidez.&nbsp;<\/p>\n\n\n\n<p>A preval\u00eancia de anemia encontrada no estudo diferiu entre os dois m\u00e9todos de classifica\u00e7\u00e3o: 29,6% segundo o crit\u00e9rio da OMS e 4,6% conforme as semanas gestacionais, devido&nbsp; a &nbsp;classifica\u00e7\u00e3o da OMS considerar apenas um ponto de corte fixo, enquanto o outro crit\u00e9rio considera as trajet\u00f3rias de hemoglobina de acordo com cada idade gestacional. O fator mais fortemente associado ao desenvolvimento desse desfecho foi o tabagismo, independente do crit\u00e9rio utilizado. Na an\u00e1lise feita por meio da semana gestacional, o segundo fator altamente associado foi o grau de escolaridade. Quanto menos escolaridade, maior o risco da anemia.&nbsp;<\/p>\n\n\n\n<p>\u201cOs efeitos do tabagismo durante a gravidez s\u00e3o universalmente conhecidos. O h\u00e1bito de fumar pode provocar defici\u00eancia na absor\u00e7\u00e3o da vitamina B12, uma vez que o \u00e1cido cian\u00eddrico, contido no cigarro, reduz os seus n\u00edveis. A defici\u00eancia de vitamina B12, por sua vez, causa a queda de hemoglobina, que est\u00e1 associada a parto prematuro, redu\u00e7\u00e3o na eritropoiese e leucopoiese, levando \u00e0 anemia\u201d, afirmou o professor Edson Theodoro.<\/p>\n\n\n\n<p>Para precaver-se da anemia durante esse per\u00edodo, devem ser tomados cuidados como realiza\u00e7\u00e3o de orienta\u00e7\u00e3o nutricional durante todo o pr\u00e9-natal ou at\u00e9 mesmo no per\u00edodo anterior \u00e0 gesta\u00e7\u00e3o e ado\u00e7\u00e3o de h\u00e1bitos saud\u00e1veis. A preven\u00e7\u00e3o envolve tamb\u00e9m a const\u00e2ncia de uma alimenta\u00e7\u00e3o saud\u00e1vel. Segundo o orientador, para lidar com isso as gestantes podem se basear nas instru\u00e7\u00f5es do <a href=\"http:\/\/189.28.128.100\/dab\/docs\/portaldab\/publicacoes\/protocolo_guia_alimentar_fasciculo3.pdf\">Guia Alimentar para gestantes<\/a>, disponibilizado pelo Minist\u00e9rio da Sa\u00fade.<\/p>\n\n\n\n<p>*Bolsista em projeto de comunica\u00e7\u00e3o<\/p>\n\n\n\n<p>Edi\u00e7\u00e3o: Sueli de Freitas<\/p>\n","protected":false},"excerpt":{"rendered":"<div class=\"mh-excerpt\"><p>As consequ\u00eancias s\u00e3o baixo peso do beb\u00ea, parto prematuro, rec\u00e9m-nascido pequeno para a idade gestacional, hemorragia p\u00f3s-parto, pr\u00e9-ecl\u00e2mpsia e necessidade de transfus\u00e3o de sangue<\/p>\n<\/div>","protected":false},"author":397,"featured_media":2506,"comment_status":"open","ping_status":"open","sticky":false,"template":"","format":"standard","meta":{"_bbp_topic_count":0,"_bbp_reply_count":0,"_bbp_total_topic_count":0,"_bbp_total_reply_count":0,"_bbp_voice_count":0,"_bbp_anonymous_reply_count":0,"_bbp_topic_count_hidden":0,"_bbp_reply_count_hidden":0,"_bbp_forum_subforum_count":0,"_uag_custom_page_level_css":"","footnotes":""},"categories":[7,9,47],"tags":[183,112],"class_list":["post-3264","post","type-post","status-publish","format-standard","has-post-thumbnail","hentry","category-chamadinhas","category-noticias","category-online","tag-anemia","tag-gravidez"],"uagb_featured_image_src":{"full":["https:\/\/blog.ufes.br\/revistauniversidade\/files\/2022\/07\/Gravida.jpg",960,612,false],"thumbnail":["https:\/\/blog.ufes.br\/revistauniversidade\/files\/2022\/07\/Gravida-150x150.jpg",150,150,true],"medium":["https:\/\/blog.ufes.br\/revistauniversidade\/files\/2022\/07\/Gravida-300x191.jpg",300,191,true],"medium_large":["https:\/\/blog.ufes.br\/revistauniversidade\/files\/2022\/07\/Gravida-768x490.jpg",768,490,true],"large":["https:\/\/blog.ufes.br\/revistauniversidade\/files\/2022\/07\/Gravida.jpg",960,612,false],"1536x1536":["https:\/\/blog.ufes.br\/revistauniversidade\/files\/2022\/07\/Gravida.jpg",960,612,false],"2048x2048":["https:\/\/blog.ufes.br\/revistauniversidade\/files\/2022\/07\/Gravida.jpg",960,612,false],"mh-magazine-lite-slider":["https:\/\/blog.ufes.br\/revistauniversidade\/files\/2022\/07\/Gravida-960x438.jpg",960,438,true],"mh-magazine-lite-content":["https:\/\/blog.ufes.br\/revistauniversidade\/files\/2022\/07\/Gravida-678x381.jpg",678,381,true],"mh-magazine-lite-large":["https:\/\/blog.ufes.br\/revistauniversidade\/files\/2022\/07\/Gravida-678x509.jpg",678,509,true],"mh-magazine-lite-medium":["https:\/\/blog.ufes.br\/revistauniversidade\/files\/2022\/07\/Gravida-326x245.jpg",326,245,true],"mh-magazine-lite-small":["https:\/\/blog.ufes.br\/revistauniversidade\/files\/2022\/07\/Gravida-80x60.jpg",80,60,true]},"uagb_author_info":{"display_name":"sueli.freitas","author_link":"https:\/\/blog.ufes.br\/revistauniversidade\/author\/sueli_checon-de-freitas\/"},"uagb_comment_info":5,"uagb_excerpt":"As consequ\u00eancias s\u00e3o baixo peso do beb\u00ea, parto prematuro, rec\u00e9m-nascido pequeno para a idade gestacional, hemorragia p\u00f3s-parto, pr\u00e9-ecl\u00e2mpsia e necessidade de transfus\u00e3o de sangue","_links":{"self":[{"href":"https:\/\/blog.ufes.br\/revistauniversidade\/wp-json\/wp\/v2\/posts\/3264","targetHints":{"allow":["GET"]}}],"collection":[{"href":"https:\/\/blog.ufes.br\/revistauniversidade\/wp-json\/wp\/v2\/posts"}],"about":[{"href":"https:\/\/blog.ufes.br\/revistauniversidade\/wp-json\/wp\/v2\/types\/post"}],"author":[{"embeddable":true,"href":"https:\/\/blog.ufes.br\/revistauniversidade\/wp-json\/wp\/v2\/users\/397"}],"replies":[{"embeddable":true,"href":"https:\/\/blog.ufes.br\/revistauniversidade\/wp-json\/wp\/v2\/comments?post=3264"}],"version-history":[{"count":3,"href":"https:\/\/blog.ufes.br\/revistauniversidade\/wp-json\/wp\/v2\/posts\/3264\/revisions"}],"predecessor-version":[{"id":3268,"href":"https:\/\/blog.ufes.br\/revistauniversidade\/wp-json\/wp\/v2\/posts\/3264\/revisions\/3268"}],"wp:featuredmedia":[{"embeddable":true,"href":"https:\/\/blog.ufes.br\/revistauniversidade\/wp-json\/wp\/v2\/media\/2506"}],"wp:attachment":[{"href":"https:\/\/blog.ufes.br\/revistauniversidade\/wp-json\/wp\/v2\/media?parent=3264"}],"wp:term":[{"taxonomy":"category","embeddable":true,"href":"https:\/\/blog.ufes.br\/revistauniversidade\/wp-json\/wp\/v2\/categories?post=3264"},{"taxonomy":"post_tag","embeddable":true,"href":"https:\/\/blog.ufes.br\/revistauniversidade\/wp-json\/wp\/v2\/tags?post=3264"}],"curies":[{"name":"wp","href":"https:\/\/api.w.org\/{rel}","templated":true}]}}