{"id":3354,"date":"2024-08-20T15:11:56","date_gmt":"2024-08-20T18:11:56","guid":{"rendered":"https:\/\/blog.ufes.br\/revistauniversidade\/?p=3354"},"modified":"2024-09-10T15:08:35","modified_gmt":"2024-09-10T18:08:35","slug":"pesquisa-aponta-impactos-dos-processos-migratorios-na-dinamica-de-familias-da-grande-vitoria","status":"publish","type":"post","link":"https:\/\/blog.ufes.br\/revistauniversidade\/2024\/08\/20\/pesquisa-aponta-impactos-dos-processos-migratorios-na-dinamica-de-familias-da-grande-vitoria\/","title":{"rendered":"Pesquisa aponta impactos dos processos migrat\u00f3rios na din\u00e2mica de fam\u00edlias da Grande Vit\u00f3ria"},"content":{"rendered":"\n<p><strong><em>Thiago Sobrinho<\/em><\/strong><\/p>\n\n\n\n<p>Mais do que impactar o desenvolvimento de pol\u00edticas p\u00fablicas, os processos de migra\u00e7\u00e3o em regi\u00f5es metropolitanas do Brasil influenciam os projetos e concep\u00e7\u00f5es de futuro das popula\u00e7\u00f5es que vivem nesses espa\u00e7os. \u00c9 o que aponta o estudo realizado por pesquisadores da Ufes intitulado&nbsp;<em>Din\u00e2mica demogr\u00e1fica familiar e padr\u00e3o migrat\u00f3rio no Brasil: transforma\u00e7\u00f5es desde os anos 1990<\/em>.<\/p>\n\n\n\n<p>In\u00e9dita at\u00e9 ent\u00e3o, a pesquisa foi conduzida ao longo de tr\u00eas anos pelo Laborat\u00f3rio de An\u00e1lises Geogr\u00e1ficas, Demogr\u00e1ficas e da Popula\u00e7\u00e3o (Lagedep) do Departamento de Geografia e do Programa de P\u00f3s-Gradua\u00e7\u00e3o em Geografia da Ufes, com a colabora\u00e7\u00e3o de pesquisadores da Universidade Estadual de Campinas (Unicamp) e da Pontif\u00edcia Universidade Cat\u00f3lica de Campinas (PUC\/Campinas). Os pesquisadores do Lagedep (uma equipe interdisciplinar formada por ge\u00f3grafos, economistas, soci\u00f3logos e dem\u00f3grafos) utilizaram como recorte espacial a Regi\u00e3o Metropolitana da Grande Vit\u00f3ria, mais especificamente bairros nos munic\u00edpios de Cariacica, Serra, Viana, Vila Velha e Vit\u00f3ria.<\/p>\n\n\n\n<p>O professor Ednelson Dota, coordenador da pesquisa, explica que as grandes altera\u00e7\u00f5es na demografia elevam a demanda por servi\u00e7os, o que leva a um aumento de investimento em servi\u00e7os e recursos para dar conta da demanda crescente.<\/p>\n\n\n\n<p>Contudo, quando h\u00e1 redu\u00e7\u00e3o no n\u00famero de filhos ou no tamanho m\u00e9dio das fam\u00edlias brasileiras, como o estudo mostra, isso tamb\u00e9m traz impactos. \u201cEssa redu\u00e7\u00e3o muda a forma com que as fam\u00edlias vivem o espa\u00e7o urbano, a maneira que elas enxergam o domic\u00edlio e o pr\u00f3prio lugar de moradia nas cidades\u201d, afirma o professor.<\/p>\n\n\n\n<p>Ent\u00e3o, ao passo que a popula\u00e7\u00e3o vai mudando, o espa\u00e7o urbano se transforma. \u201cAo longo do tempo, h\u00e1 um impacto na pr\u00f3pria cidade, na forma que ela se desenvolve e nas \u00e1reas de crescimento\u201d, ressalta Dota.<\/p>\n\n\n\n<p>J\u00e1 na vida da popula\u00e7\u00e3o, as influ\u00eancias dessas mudan\u00e7as foram identificadas na maneira como elas vivem e como ir\u00e3o fazer planos para o futuro, como casar mais tarde e ter menos filhos, por exemplo.<\/p>\n\n\n\n<p><strong>Recorte<\/strong><\/p>\n\n\n\n<p>A escolha dos bairros na Regi\u00e3o Metropolitana da Grande Vit\u00f3ria, de acordo com o relat\u00f3rio da pesquisa, baseou-se em dados do Censo de 2010, selecionando \u00e1reas com intensa migra\u00e7\u00e3o intrametropolitana, al\u00e9m da integra\u00e7\u00e3o e complementaridade nas din\u00e2micas urbanas e regionais, e contexto socioecon\u00f4mico de vulnerabilidade \u00e0 pobreza.<\/p>\n\n\n\n<p>Comparando os dados do Censo de 2010 com as informa\u00e7\u00f5es coletadas, os pesquisadores chegaram \u00e0 conclus\u00e3o de que mais da metade dos deslocamentos residenciais se deram dentro do pr\u00f3prio munic\u00edpio.<\/p>\n\n\n\n<p>Isso acontece, segundo Dota, por diversos fatores: desde o desejo de viver numa casa melhor ou acessar um aluguel mais barato at\u00e9 formar uma nova fam\u00edlia ou mesmo a dissolu\u00e7\u00e3o de uma fam\u00edlia preexistente.<\/p>\n\n\n\n<p><strong>Tend\u00eancia nacional<\/strong><\/p>\n\n\n\n<p>Ainda de acordo com Ednelson Dota, embora o estudo de caso tenha se debru\u00e7ado sobre dados e caracter\u00edsticas urbano-regionais da Regi\u00e3o Metropolitana da Grande Vit\u00f3ria, os resultados do projeto podem prever as tend\u00eancias das estruturas familiares nas pr\u00f3ximas d\u00e9cadas no Brasil e em outros pa\u00edses da Am\u00e9rica Latina.<\/p>\n\n\n\n<p>\u201cEnt\u00e3o \u00e9 poss\u00edvel, sim, a partir de dados de outras fontes, chegar a resultados semelhantes aos que a gente encontrou aqui na Regi\u00e3o Metropolitana da Grande Vit\u00f3ria para o contexto urbano regional metropolitano brasileiro e latino-americano\u201d, garante Dota.<\/p>\n\n\n\n<p>No contexto capixaba, o estudo pode ser um aliado para se pensar pol\u00edticas p\u00fablicas em regi\u00f5es metropolitanas e se tornar um aliado tanto para as prefeituras municipais quanto para o Governo do Estado.<\/p>\n\n\n\n<p>\u201cInclusive, estamos aplicando an\u00e1lises derivadas da pesquisa em um projeto de redu\u00e7\u00e3o de riscos aos desastres para o munic\u00edpio de Serra&#8221;, aponta o professor, sobre a aplica\u00e7\u00e3o dos resultados do projeto.<\/p>\n\n\n\n<p>A investiga\u00e7\u00e3o foi realizada com financiamento da Secretaria Nacional da Fam\u00edlia (SNF) em conjunto com a Coordena\u00e7\u00e3o de Aperfei\u00e7oamento de Pessoal de N\u00edvel Superior (Capes).<\/p>\n\n\n\n<p><em><strong><strong><em>Edi\u00e7\u00e3o: Thereza Marinho<\/em><\/strong><\/strong><\/em><\/p>\n\n\n\n<p><\/p>\n\n\n\n<p><\/p>\n","protected":false},"excerpt":{"rendered":"<div class=\"mh-excerpt\"><p>As grandes altera\u00e7\u00f5es na demografia elevam a demanda por servi\u00e7os, o que leva a um aumento de investimento em servi\u00e7os e recursos para dar conta da demanda crescente.<\/p>\n<\/div>","protected":false},"author":397,"featured_media":3357,"comment_status":"open","ping_status":"open","sticky":false,"template":"","format":"standard","meta":{"_bbp_topic_count":0,"_bbp_reply_count":0,"_bbp_total_topic_count":0,"_bbp_total_reply_count":0,"_bbp_voice_count":0,"_bbp_anonymous_reply_count":0,"_bbp_topic_count_hidden":0,"_bbp_reply_count_hidden":0,"_bbp_forum_subforum_count":0,"_uag_custom_page_level_css":"","footnotes":""},"categories":[7,9,47],"tags":[206,208,207],"class_list":["post-3354","post","type-post","status-publish","format-standard","has-post-thumbnail","hentry","category-chamadinhas","category-noticias","category-online","tag-familia","tag-migracao","tag-politicas-publicas"],"uagb_featured_image_src":{"full":["https:\/\/blog.ufes.br\/revistauniversidade\/files\/2024\/08\/familias-1.png",264,191,false],"thumbnail":["https:\/\/blog.ufes.br\/revistauniversidade\/files\/2024\/08\/familias-1-150x150.png",150,150,true],"medium":["https:\/\/blog.ufes.br\/revistauniversidade\/files\/2024\/08\/familias-1.png",264,191,false],"medium_large":["https:\/\/blog.ufes.br\/revistauniversidade\/files\/2024\/08\/familias-1.png",264,191,false],"large":["https:\/\/blog.ufes.br\/revistauniversidade\/files\/2024\/08\/familias-1.png",264,191,false],"1536x1536":["https:\/\/blog.ufes.br\/revistauniversidade\/files\/2024\/08\/familias-1.png",264,191,false],"2048x2048":["https:\/\/blog.ufes.br\/revistauniversidade\/files\/2024\/08\/familias-1.png",264,191,false],"mh-magazine-lite-slider":["https:\/\/blog.ufes.br\/revistauniversidade\/files\/2024\/08\/familias-1.png",264,191,false],"mh-magazine-lite-content":["https:\/\/blog.ufes.br\/revistauniversidade\/files\/2024\/08\/familias-1.png",264,191,false],"mh-magazine-lite-large":["https:\/\/blog.ufes.br\/revistauniversidade\/files\/2024\/08\/familias-1.png",264,191,false],"mh-magazine-lite-medium":["https:\/\/blog.ufes.br\/revistauniversidade\/files\/2024\/08\/familias-1.png",264,191,false],"mh-magazine-lite-small":["https:\/\/blog.ufes.br\/revistauniversidade\/files\/2024\/08\/familias-1-80x60.png",80,60,true]},"uagb_author_info":{"display_name":"sueli.freitas","author_link":"https:\/\/blog.ufes.br\/revistauniversidade\/author\/sueli_checon-de-freitas\/"},"uagb_comment_info":0,"uagb_excerpt":"As grandes altera\u00e7\u00f5es na demografia elevam a demanda por servi\u00e7os, o que leva a um aumento de investimento em servi\u00e7os e recursos para dar conta da demanda crescente.","_links":{"self":[{"href":"https:\/\/blog.ufes.br\/revistauniversidade\/wp-json\/wp\/v2\/posts\/3354","targetHints":{"allow":["GET"]}}],"collection":[{"href":"https:\/\/blog.ufes.br\/revistauniversidade\/wp-json\/wp\/v2\/posts"}],"about":[{"href":"https:\/\/blog.ufes.br\/revistauniversidade\/wp-json\/wp\/v2\/types\/post"}],"author":[{"embeddable":true,"href":"https:\/\/blog.ufes.br\/revistauniversidade\/wp-json\/wp\/v2\/users\/397"}],"replies":[{"embeddable":true,"href":"https:\/\/blog.ufes.br\/revistauniversidade\/wp-json\/wp\/v2\/comments?post=3354"}],"version-history":[{"count":3,"href":"https:\/\/blog.ufes.br\/revistauniversidade\/wp-json\/wp\/v2\/posts\/3354\/revisions"}],"predecessor-version":[{"id":3360,"href":"https:\/\/blog.ufes.br\/revistauniversidade\/wp-json\/wp\/v2\/posts\/3354\/revisions\/3360"}],"wp:featuredmedia":[{"embeddable":true,"href":"https:\/\/blog.ufes.br\/revistauniversidade\/wp-json\/wp\/v2\/media\/3357"}],"wp:attachment":[{"href":"https:\/\/blog.ufes.br\/revistauniversidade\/wp-json\/wp\/v2\/media?parent=3354"}],"wp:term":[{"taxonomy":"category","embeddable":true,"href":"https:\/\/blog.ufes.br\/revistauniversidade\/wp-json\/wp\/v2\/categories?post=3354"},{"taxonomy":"post_tag","embeddable":true,"href":"https:\/\/blog.ufes.br\/revistauniversidade\/wp-json\/wp\/v2\/tags?post=3354"}],"curies":[{"name":"wp","href":"https:\/\/api.w.org\/{rel}","templated":true}]}}