{"id":3486,"date":"2024-12-17T17:02:09","date_gmt":"2024-12-17T20:02:09","guid":{"rendered":"https:\/\/blog.ufes.br\/revistauniversidade\/?p=3486"},"modified":"2025-01-02T15:00:29","modified_gmt":"2025-01-02T18:00:29","slug":"pesquisa-revela-que-mangues-podem-filtrar-microplasticos-presentes-em-rios-e-mares","status":"publish","type":"post","link":"https:\/\/blog.ufes.br\/revistauniversidade\/2024\/12\/17\/pesquisa-revela-que-mangues-podem-filtrar-microplasticos-presentes-em-rios-e-mares\/","title":{"rendered":"Manguezais removem micropl\u00e1sticos da \u00e1gua na regi\u00e3o costeira do Rio Amazonas"},"content":{"rendered":"\n<p>Ghenis Carlos*<\/p>\n\n\n\n<p>As florestas de manguezais t\u00eam potencial para remover micropl\u00e1sticos da \u00e1gua e ret\u00ea-los em solo, com uma taxa m\u00e9dia de enterramento registrada no delta do Rio Amazonas de 1\/2 toneladas de part\u00edculas por ano. Esse \u00e9 um dos resultados da pesquisa realizada na Expedi\u00e7\u00e3o Perpetual Planet Amazon no Delta do Amazonas, liderada pelo professor do Departamento de Oceanografia da Ufes Angelo Bernardino, que tamb\u00e9m \u00e9 explorador da National Geographic.<\/p>\n\n\n\n<p>Dados anteriores desta expedi\u00e7\u00e3o j\u00e1 mostravam a <a href=\"https:\/\/doi.org\/10.1038\/s41467-024-45459-w\" data-type=\"link\" data-id=\"https:\/\/doi.org\/10.1038\/s41467-024-45459-w\" target=\"_blank\" rel=\"noreferrer noopener\"><strong>import\u00e2ncia dos manguezais num cen\u00e1rio de mudan\u00e7as clim\u00e1ticas<\/strong><\/a>, por isso o interesse em descobrir os benef\u00edcios adicionais deste bioma.<\/p>\n\n\n\n<figure class=\"wp-block-image size-full\"><img loading=\"lazy\" decoding=\"async\" width=\"734\" height=\"532\" src=\"https:\/\/blog.ufes.br\/revistauniversidade\/files\/2024\/12\/Delta-do-Rio-Amazonas.jpg\" alt=\"\" class=\"wp-image-3487\" srcset=\"https:\/\/blog.ufes.br\/revistauniversidade\/files\/2024\/12\/Delta-do-Rio-Amazonas.jpg 734w, https:\/\/blog.ufes.br\/revistauniversidade\/files\/2024\/12\/Delta-do-Rio-Amazonas-300x217.jpg 300w\" sizes=\"auto, (max-width: 734px) 100vw, 734px\" \/><figcaption class=\"wp-element-caption\">\u00c1rea de estudo (A) e os diferentes locais de amostragem<\/figcaption><\/figure>\n\n\n\n<p>Segundo Bernardino, o manguezal filtra o micropl\u00e1stico, beneficiando as comunidades costeiras que utilizam a \u00e1gua do rio em suas atividades cotidianas. Al\u00e9m disso, o valor estimado para a remo\u00e7\u00e3o de micropl\u00e1sticos de manguezais no delta do Amazonas \u00e9 da ordem de 0,3 a 1,1 milh\u00e3o de d\u00f3lares por ano, revelando um benef\u00edcio adicional da conserva\u00e7\u00e3o de manguezais na regi\u00e3o.<\/p>\n\n\n\n<p>\u201cMicropl\u00e1sticos s\u00e3o encontrados em florestas de manguezais em todo o mundo em quantidades variadas, indicando que essas florestas podem remover essas part\u00edculas da \u00e1gua e ret\u00ea-las nos solos por longos per\u00edodos de tempo. Embora os micropl\u00e1sticos tamb\u00e9m tenham sido encontrados na bacia do Amazonas, com altas concentra\u00e7\u00f5es perto de grandes centros urbanos, seu destino na regi\u00e3o costeira era incerto\u201d, detalha.&nbsp;<\/p>\n\n\n\n<p>Os pesquisadores buscaram entender o destino e a potencial capacidade de sequestro de pl\u00e1sticos fazendo a coleta de amostras e quantificando os micropl\u00e1sticos em v\u00e1rias florestas de mangue ao longo do caminho da pluma no delta do Rio Amazonas. Os poluentes foram encontrados em quase todas as regi\u00f5es (85% das amostras analisadas). \u201cEmbora presentes na maioria das \u00e1reas, foram encontradas quantidades moderadas de micropl\u00e1sticos no delta do Amazonas, com baixos riscos ecol\u00f3gicos para a fauna aqu\u00e1tica\u201d, contou o professor.<\/p>\n\n\n\n<p>As an\u00e1lises mostram que os res\u00edduos pl\u00e1sticos est\u00e3o presentes em partes do solo datados bem antes da era do pl\u00e1stico. H\u00e1 ind\u00edcios, portanto, da capacidade desse material descer ao longo da coluna de sedimentos e ser armazenado por s\u00e9culos.<\/p>\n\n\n\n<p><strong>Micropl\u00e1stico<\/strong><\/p>\n\n\n\n<p>Os micropl\u00e1sticos s\u00e3o min\u00fasculas part\u00edculas resultantes do desgaste de materiais pl\u00e1sticos, origin\u00e1rios de m\u00faltiplas fontes de atividades humanas. O descarte inapropriado dos res\u00edduos faz com que essas micropart\u00edculas estejam em ambientes diversos, como cidades, rios, mares e florestas.<\/p>\n\n\n\n<p>\u201cOs resultados do nosso estudo mostram que os micropl\u00e1sticos s\u00e3o contaminantes onipresentes nesses ecossistemas [manguezais], embora em n\u00edveis de exposi\u00e7\u00e3o menores do que outros ecossistemas de mangue localizados em outras partes do Brasil e perto de \u00e1reas densamente povoadas\u201d, afirmam os pesquisadores no artigo publicado na <a href=\"https:\/\/www.sciencedirect.com\/science\/article\/pii\/S0048969724078239?via%3Dihub\" target=\"_blank\" rel=\"noreferrer noopener\"><strong>Science of the Total Environment<\/strong><\/a>.<\/p>\n\n\n\n<p>*Bolsista em projeto de comunica\u00e7\u00e3o<\/p>\n\n\n\n<p>Edi\u00e7\u00e3o: Sueli de Freitas<\/p>\n\n\n\n<p>Imagens: Angelo Bernardino \/ National Geographic Society<\/p>\n","protected":false},"excerpt":{"rendered":"<div class=\"mh-excerpt\"><p>A taxa m\u00e9dia de enterramento registrada no delta do Rio Amazonas \u00e9 de 1\/2 toneladas de part\u00edculas por ano<\/p>\n<\/div>","protected":false},"author":397,"featured_media":3489,"comment_status":"open","ping_status":"open","sticky":false,"template":"","format":"standard","meta":{"_bbp_topic_count":0,"_bbp_reply_count":0,"_bbp_total_topic_count":0,"_bbp_total_reply_count":0,"_bbp_voice_count":0,"_bbp_anonymous_reply_count":0,"_bbp_topic_count_hidden":0,"_bbp_reply_count_hidden":0,"_bbp_forum_subforum_count":0,"_uag_custom_page_level_css":"","footnotes":""},"categories":[7,9,47],"tags":[121,239,162,238,237],"class_list":["post-3486","post","type-post","status-publish","format-standard","has-post-thumbnail","hentry","category-chamadinhas","category-noticias","category-online","tag-expedicao-perpetual-planet-amazon","tag-mangue","tag-manguezal","tag-oceanografia","tag-rio-amazonas"],"uagb_featured_image_src":{"full":["https:\/\/blog.ufes.br\/revistauniversidade\/files\/2024\/12\/Manguezal-Amazonas.jpeg",1280,853,false],"thumbnail":["https:\/\/blog.ufes.br\/revistauniversidade\/files\/2024\/12\/Manguezal-Amazonas-150x150.jpeg",150,150,true],"medium":["https:\/\/blog.ufes.br\/revistauniversidade\/files\/2024\/12\/Manguezal-Amazonas-300x200.jpeg",300,200,true],"medium_large":["https:\/\/blog.ufes.br\/revistauniversidade\/files\/2024\/12\/Manguezal-Amazonas-768x512.jpeg",768,512,true],"large":["https:\/\/blog.ufes.br\/revistauniversidade\/files\/2024\/12\/Manguezal-Amazonas-1024x682.jpeg",1024,682,true],"1536x1536":["https:\/\/blog.ufes.br\/revistauniversidade\/files\/2024\/12\/Manguezal-Amazonas.jpeg",1280,853,false],"2048x2048":["https:\/\/blog.ufes.br\/revistauniversidade\/files\/2024\/12\/Manguezal-Amazonas.jpeg",1280,853,false],"mh-magazine-lite-slider":["https:\/\/blog.ufes.br\/revistauniversidade\/files\/2024\/12\/Manguezal-Amazonas-1030x438.jpeg",1030,438,true],"mh-magazine-lite-content":["https:\/\/blog.ufes.br\/revistauniversidade\/files\/2024\/12\/Manguezal-Amazonas-678x381.jpeg",678,381,true],"mh-magazine-lite-large":["https:\/\/blog.ufes.br\/revistauniversidade\/files\/2024\/12\/Manguezal-Amazonas-678x509.jpeg",678,509,true],"mh-magazine-lite-medium":["https:\/\/blog.ufes.br\/revistauniversidade\/files\/2024\/12\/Manguezal-Amazonas-326x245.jpeg",326,245,true],"mh-magazine-lite-small":["https:\/\/blog.ufes.br\/revistauniversidade\/files\/2024\/12\/Manguezal-Amazonas-80x60.jpeg",80,60,true]},"uagb_author_info":{"display_name":"sueli.freitas","author_link":"https:\/\/blog.ufes.br\/revistauniversidade\/author\/sueli_checon-de-freitas\/"},"uagb_comment_info":0,"uagb_excerpt":"A taxa m\u00e9dia de enterramento registrada no delta do Rio Amazonas \u00e9 de 1\/2 toneladas de part\u00edculas por ano","_links":{"self":[{"href":"https:\/\/blog.ufes.br\/revistauniversidade\/wp-json\/wp\/v2\/posts\/3486","targetHints":{"allow":["GET"]}}],"collection":[{"href":"https:\/\/blog.ufes.br\/revistauniversidade\/wp-json\/wp\/v2\/posts"}],"about":[{"href":"https:\/\/blog.ufes.br\/revistauniversidade\/wp-json\/wp\/v2\/types\/post"}],"author":[{"embeddable":true,"href":"https:\/\/blog.ufes.br\/revistauniversidade\/wp-json\/wp\/v2\/users\/397"}],"replies":[{"embeddable":true,"href":"https:\/\/blog.ufes.br\/revistauniversidade\/wp-json\/wp\/v2\/comments?post=3486"}],"version-history":[{"count":5,"href":"https:\/\/blog.ufes.br\/revistauniversidade\/wp-json\/wp\/v2\/posts\/3486\/revisions"}],"predecessor-version":[{"id":3497,"href":"https:\/\/blog.ufes.br\/revistauniversidade\/wp-json\/wp\/v2\/posts\/3486\/revisions\/3497"}],"wp:featuredmedia":[{"embeddable":true,"href":"https:\/\/blog.ufes.br\/revistauniversidade\/wp-json\/wp\/v2\/media\/3489"}],"wp:attachment":[{"href":"https:\/\/blog.ufes.br\/revistauniversidade\/wp-json\/wp\/v2\/media?parent=3486"}],"wp:term":[{"taxonomy":"category","embeddable":true,"href":"https:\/\/blog.ufes.br\/revistauniversidade\/wp-json\/wp\/v2\/categories?post=3486"},{"taxonomy":"post_tag","embeddable":true,"href":"https:\/\/blog.ufes.br\/revistauniversidade\/wp-json\/wp\/v2\/tags?post=3486"}],"curies":[{"name":"wp","href":"https:\/\/api.w.org\/{rel}","templated":true}]}}