{"id":3533,"date":"2025-02-25T13:00:00","date_gmt":"2025-02-25T16:00:00","guid":{"rendered":"https:\/\/blog.ufes.br\/revistauniversidade\/?p=3533"},"modified":"2025-03-25T15:21:39","modified_gmt":"2025-03-25T18:21:39","slug":"apos-expedicao-tecnica-equipe-da-ufes-reune-dados-para-construcao-de-nova-estacao-cientifica-no-arquipelago-de-sao-pedro-e-sao-paulo","status":"publish","type":"post","link":"https:\/\/blog.ufes.br\/revistauniversidade\/2025\/02\/25\/apos-expedicao-tecnica-equipe-da-ufes-reune-dados-para-construcao-de-nova-estacao-cientifica-no-arquipelago-de-sao-pedro-e-sao-paulo\/","title":{"rendered":"Ap\u00f3s expedi\u00e7\u00e3o t\u00e9cnica, Ufes re\u00fane dados para constru\u00e7\u00e3o de nova esta\u00e7\u00e3o cient\u00edfica no Arquip\u00e9lago de S\u00e3o Pedro e S\u00e3o Paulo"},"content":{"rendered":"\n<p><strong>Thiago Sobrinho\u00a0<\/strong>\u00a0\u00a0<\/p>\n\n\n\n<p>A Ufes deu mais um passo no projeto de constru\u00e7\u00e3o da terceira esta\u00e7\u00e3o cient\u00edfica no Arquip\u00e9lago de S\u00e3o Pedro e S\u00e3o Paulo. Ap\u00f3s dez dias de expedi\u00e7\u00e3o t\u00e9cnica, a equipe liderada pelo reitor Eust\u00e1quio de Castro e pela professora do curso de Arquitetura e Urbanismo Cristina Engel, pr\u00f3-reitora de Planejamento e Desenvolvimento Institucional, retornou ao Estado com dados para a auxiliar na defini\u00e7\u00e3o da localiza\u00e7\u00e3o e das especifica\u00e7\u00f5es da nova base.<\/p>\n\n\n\n<p>Em maio de 2024 foi assinado em Bras\u00edlia o Termo de Coopera\u00e7\u00e3o T\u00e9cnica para o desenvolvimento da futura esta\u00e7\u00e3o cient\u00edfica. A expectativa \u00e9 que ela comece a ser montada na ilha a partir de 2026. O projeto \u00e9 fruto de uma parceria entre a Universidade, a Marinha do Brasil, a Funda\u00e7\u00e3o Esp\u00edrito-Santense de Tecnologia (Fest), o Instituto Chico Mendes de Conserva\u00e7\u00e3o da Biodiversidade (ICMBio), a Secretaria da Comiss\u00e3o Interministerial para os Recursos do Mar (Secirm) e o Minist\u00e9rio do Meio Ambiente (MMA).<\/p>\n\n\n\n<p>O reitor Eust\u00e1quio de Castro destaca o orgulho de realizar o trabalho ao lado de uma equipe t\u00e9cnica altamente capacitada. \u201cIsso s\u00f3 \u00e9 poss\u00edvel porque h\u00e1 muito tempo a Ufes apoia projetos que s\u00e3o desenvolvidos em \u00e1reas in\u00f3spitas\u201d, ressalta.<\/p>\n\n\n\n<p>Para Cristina Engel \u2013 que \u00e9 especialista em constru\u00e7\u00e3o em \u00e1reas in\u00f3spitas e acompanhou toda a reconstru\u00e7\u00e3o da Esta\u00e7\u00e3o Ant\u00e1rtica Comandante Ferraz, atingida por um inc\u00eandio em 2012 \u2013 a iniciativa est\u00e1 sendo poss\u00edvel justamente porque a Ufes possui essa experi\u00eancia no desenvolvimento de projetos desafiadores. \u201c\u00c9 um orgulho, pois estamos servindo ao Pa\u00eds com a logomarca da Ufes\u201d, reitera a pr\u00f3-reitora e professora do Departamento de Arquitetura e Urbanismo.<\/p>\n\n\n\n<p>A viagem tamb\u00e9m teve como objetivo realizar uma visita \u00e0 Reserva Biol\u00f3gica (Rebio) do Atol das Rocas e ao Parque Nacional Marinho de Fernando de Noronha. A ideia foi de conhecer as condi\u00e7\u00f5es para constru\u00e7\u00e3o da terceira esta\u00e7\u00e3o cient\u00edfica no arquip\u00e9lago e avaliar as condi\u00e7\u00f5es das estruturas j\u00e1 constru\u00eddas pela Ufes nos tr\u00eas locais. Entretanto, no Atol das Rocas isso n\u00e3o foi poss\u00edvel, em fun\u00e7\u00e3o das m\u00e1s condi\u00e7\u00f5es do mar para o desembarque.<\/p>\n\n\n\n<p><strong>Tripula\u00e7\u00e3o<\/strong><\/p>\n\n\n\n<p>A expedi\u00e7\u00e3o, realizada em janeiro, foi feita com o navio Araguari, da Marinha do Brasil. Entre os tripulantes estavam presentes autoridades, t\u00e9cnicos e profissionais de diferentes partes do Pa\u00eds, al\u00e9m dos militares.<\/p>\n\n\n\n<p>Castro enfatiza a import\u00e2ncia da intera\u00e7\u00e3o entre os participantes da expedi\u00e7\u00e3o: \u201cForam momentos muito interessantes, que v\u00e3o al\u00e9m dos aspectos acad\u00eamicos e cient\u00edficos. O trabalho em equipe envolvendo o pessoal da Marinha, pesquisadores das institui\u00e7\u00f5es presentes e estudantes possibilitou o sucesso alcan\u00e7ado na proposta\u201d. \u201cTivemos muitas atividades a bordo do navio Araguari, como palestras, apresenta\u00e7\u00f5es das institui\u00e7\u00f5es e a elabora\u00e7\u00e3o de estrat\u00e9gias de atua\u00e7\u00e3o em temas relacionados ao ambiente oce\u00e2nico\u201d, complementa Cristina Engel.<\/p>\n\n\n\n<p>Outra aproxima\u00e7\u00e3o valiosa, de acordo com a pr\u00f3-reitora, foi com os quatro pesquisadores que atuam na base cient\u00edfica instalada atualmente no arquip\u00e9lago. \u201cConseguimos conversar com eles e identificar quais s\u00e3o seus anseios, o que acham que funcionou bem e o que deve ser aprimorado para a pr\u00f3xima esta\u00e7\u00e3o\u201d, aponta.<\/p>\n\n\n\n<figure class=\"wp-block-image is-resized\"><img decoding=\"async\" src=\"https:\/\/www.ufes.br\/system\/files\/styles\/cke_media_resize_medium\/private\/2025-02\/arquipelago_spsp.jpg?itok=7rerXVZH\" alt=\"Foto do arquip\u00e9lago de S\u00e3o Pedro e S\u00e3o Paulo\" style=\"width:804px;height:auto\" title=\"Arquip\u00e9lago de S\u00e3o Pedro e S\u00e3o Paulo\" \/><figcaption class=\"wp-element-caption\">Arquip\u00e9lago de S\u00e3o Pedro e S\u00e3o Paulo<\/figcaption><\/figure>\n\n\n\n<p><strong>Cronograma<\/strong><\/p>\n\n\n\n<p>A expectativa, segundo Cristina Engel, \u00e9 que at\u00e9 o segundo semestre de 2025 haja a defini\u00e7\u00e3o do local em que ser\u00e1 instalada a base cient\u00edfica. O cronograma ainda prev\u00ea que at\u00e9 o fim deste ano o desenho do projeto e das pe\u00e7as que formar\u00e3o a base seja finalizado. A ideia \u00e9 que a resid\u00eancia comporte de quatro a seis pesquisadores.<\/p>\n\n\n\n<p>\u201c2025 ser\u00e1 dedicado \u00e0 pesquisa sobre tecnologias construtivas e ensaios laboratoriais. Para 2026, esperamos que seja feita a compra do material, os testes de montagem da base e a sua montagem no local. Depois que a casa \u00e9 montada, passamos por um per\u00edodo de monitoramento tamb\u00e9m\u201d, explica.<\/p>\n\n\n\n<p>Um dos desafios log\u00edsticos da esta\u00e7\u00e3o, segundo a pr\u00f3-reitora e pesquisadora, \u00e9 a sua dist\u00e2ncia da costa brasileira. Isso porque o Arquip\u00e9lago de S\u00e3o Pedro e S\u00e3o Paulo est\u00e1 a mais de 1.100 quil\u00f4metros de dist\u00e2ncia da costa do Brasil.<\/p>\n\n\n\n<p>\u201cEsperamos que essa futura esta\u00e7\u00e3o tenha as mesmas qualidades da primeira: que seja segura, que permita o desenvolvimento de pesquisa e que as pessoas possam morar l\u00e1 durante algum tempo em uma condi\u00e7\u00e3o de conforto, mas que seja mais f\u00e1cil de limpar e de manter\u201d, avalia.<\/p>\n\n\n\n<p>A expectativa \u00e9 que a base seja constru\u00edda em placas com comp\u00f3sitos termorr\u00edgidos, material parecido com PVC, ao inv\u00e9s de madeira. A ideia \u00e9 que o material passe por uma s\u00e9rie de testes antes de ser efetivamente enviado para a sua instala\u00e7\u00e3o na ilha.<\/p>\n\n\n\n<p><strong>Impacto ambiental<\/strong><\/p>\n\n\n\n<p>Engel destaca que a implanta\u00e7\u00e3o da terceira esta\u00e7\u00e3o se beneficia do ac\u00famulo de informa\u00e7\u00f5es que a Universidade possui em rela\u00e7\u00e3o ao momento em que foram erguidas as constru\u00e7\u00f5es anteriores. Junto dessa expertise, segundo ela, o apoio do ICMBio \u00e9 fundamental para ajudar a avaliar e mitigar o impacto ambiental no local.<\/p>\n\n\n\n<p>Ela explica que, a partir da parceria com o ICMBio, que realiza trabalhos no local, os pesquisadores podem acompanhar se houve altera\u00e7\u00e3o no comportamento ou na distribui\u00e7\u00e3o da vida no arquip\u00e9lago a partir da presen\u00e7a da esta\u00e7\u00e3o cient\u00edfica.<\/p>\n\n\n\n<p>\u201cAl\u00e9m disso, eles s\u00e3o os nossos principais financiadores. Eles t\u00eam todo o interesse em que a esta\u00e7\u00e3o seja o mais sustent\u00e1vel poss\u00edvel\u201d, conclui.<\/p>\n\n\n\n<p><em>Edi\u00e7\u00e3o:\u00a0Thereza Marinho<\/em><\/p>\n\n\n\n<p><em>Fotos: Heitor Rangel<\/em><\/p>\n","protected":false},"excerpt":{"rendered":"<div class=\"mh-excerpt\"><p>A expectativa \u00e9 que a futura esta\u00e7\u00e3o cient\u00edfica comece a ser montada na ilha a partir de 2026<\/p>\n<\/div>","protected":false},"author":397,"featured_media":3534,"comment_status":"open","ping_status":"open","sticky":false,"template":"","format":"standard","meta":{"_bbp_topic_count":0,"_bbp_reply_count":0,"_bbp_total_topic_count":0,"_bbp_total_reply_count":0,"_bbp_voice_count":0,"_bbp_anonymous_reply_count":0,"_bbp_topic_count_hidden":0,"_bbp_reply_count_hidden":0,"_bbp_forum_subforum_count":0,"_uag_custom_page_level_css":"","footnotes":""},"categories":[7,9,47],"tags":[261,263,262],"class_list":["post-3533","post","type-post","status-publish","format-standard","has-post-thumbnail","hentry","category-chamadinhas","category-noticias","category-online","tag-arquipelago","tag-estacao-cientifica","tag-sao-pedro-e-sao-paulo"],"uagb_featured_image_src":{"full":["https:\/\/blog.ufes.br\/revistauniversidade\/files\/2025\/02\/estacao-cientifica-em-SPSP.jpg",762,492,false],"thumbnail":["https:\/\/blog.ufes.br\/revistauniversidade\/files\/2025\/02\/estacao-cientifica-em-SPSP-150x150.jpg",150,150,true],"medium":["https:\/\/blog.ufes.br\/revistauniversidade\/files\/2025\/02\/estacao-cientifica-em-SPSP-300x194.jpg",300,194,true],"medium_large":["https:\/\/blog.ufes.br\/revistauniversidade\/files\/2025\/02\/estacao-cientifica-em-SPSP.jpg",762,492,false],"large":["https:\/\/blog.ufes.br\/revistauniversidade\/files\/2025\/02\/estacao-cientifica-em-SPSP.jpg",762,492,false],"1536x1536":["https:\/\/blog.ufes.br\/revistauniversidade\/files\/2025\/02\/estacao-cientifica-em-SPSP.jpg",762,492,false],"2048x2048":["https:\/\/blog.ufes.br\/revistauniversidade\/files\/2025\/02\/estacao-cientifica-em-SPSP.jpg",762,492,false],"mh-magazine-lite-slider":["https:\/\/blog.ufes.br\/revistauniversidade\/files\/2025\/02\/estacao-cientifica-em-SPSP-762x438.jpg",762,438,true],"mh-magazine-lite-content":["https:\/\/blog.ufes.br\/revistauniversidade\/files\/2025\/02\/estacao-cientifica-em-SPSP-678x381.jpg",678,381,true],"mh-magazine-lite-large":["https:\/\/blog.ufes.br\/revistauniversidade\/files\/2025\/02\/estacao-cientifica-em-SPSP-678x492.jpg",678,492,true],"mh-magazine-lite-medium":["https:\/\/blog.ufes.br\/revistauniversidade\/files\/2025\/02\/estacao-cientifica-em-SPSP-326x245.jpg",326,245,true],"mh-magazine-lite-small":["https:\/\/blog.ufes.br\/revistauniversidade\/files\/2025\/02\/estacao-cientifica-em-SPSP-80x60.jpg",80,60,true]},"uagb_author_info":{"display_name":"sueli.freitas","author_link":"https:\/\/blog.ufes.br\/revistauniversidade\/author\/sueli_checon-de-freitas\/"},"uagb_comment_info":0,"uagb_excerpt":"A expectativa \u00e9 que a futura esta\u00e7\u00e3o cient\u00edfica comece a ser montada na ilha a partir de 2026","_links":{"self":[{"href":"https:\/\/blog.ufes.br\/revistauniversidade\/wp-json\/wp\/v2\/posts\/3533","targetHints":{"allow":["GET"]}}],"collection":[{"href":"https:\/\/blog.ufes.br\/revistauniversidade\/wp-json\/wp\/v2\/posts"}],"about":[{"href":"https:\/\/blog.ufes.br\/revistauniversidade\/wp-json\/wp\/v2\/types\/post"}],"author":[{"embeddable":true,"href":"https:\/\/blog.ufes.br\/revistauniversidade\/wp-json\/wp\/v2\/users\/397"}],"replies":[{"embeddable":true,"href":"https:\/\/blog.ufes.br\/revistauniversidade\/wp-json\/wp\/v2\/comments?post=3533"}],"version-history":[{"count":2,"href":"https:\/\/blog.ufes.br\/revistauniversidade\/wp-json\/wp\/v2\/posts\/3533\/revisions"}],"predecessor-version":[{"id":3537,"href":"https:\/\/blog.ufes.br\/revistauniversidade\/wp-json\/wp\/v2\/posts\/3533\/revisions\/3537"}],"wp:featuredmedia":[{"embeddable":true,"href":"https:\/\/blog.ufes.br\/revistauniversidade\/wp-json\/wp\/v2\/media\/3534"}],"wp:attachment":[{"href":"https:\/\/blog.ufes.br\/revistauniversidade\/wp-json\/wp\/v2\/media?parent=3533"}],"wp:term":[{"taxonomy":"category","embeddable":true,"href":"https:\/\/blog.ufes.br\/revistauniversidade\/wp-json\/wp\/v2\/categories?post=3533"},{"taxonomy":"post_tag","embeddable":true,"href":"https:\/\/blog.ufes.br\/revistauniversidade\/wp-json\/wp\/v2\/tags?post=3533"}],"curies":[{"name":"wp","href":"https:\/\/api.w.org\/{rel}","templated":true}]}}