{"id":3552,"date":"2025-03-18T17:23:45","date_gmt":"2025-03-18T20:23:45","guid":{"rendered":"https:\/\/blog.ufes.br\/revistauniversidade\/?p=3552"},"modified":"2025-04-08T19:09:13","modified_gmt":"2025-04-08T22:09:13","slug":"pesquisadores-desenvolvem-tecnicas-para-o-diagnostico-de-parkinson-atraves-da-voz","status":"publish","type":"post","link":"https:\/\/blog.ufes.br\/revistauniversidade\/2025\/03\/18\/pesquisadores-desenvolvem-tecnicas-para-o-diagnostico-de-parkinson-atraves-da-voz\/","title":{"rendered":"Pesquisadores desenvolvem t\u00e9cnicas para o diagn\u00f3stico de Parkinson atrav\u00e9s da voz"},"content":{"rendered":"\n<p><strong>Ghenis Carlos<\/strong>*<\/p>\n\n\n\n<p>Pesquisadores da Ufes desenvolveram uma t\u00e9cnica capaz de identificar de forma precoce a doen\u00e7a de Parkinson a partir de sinais de voz. Usando um banco de dados turco, o sistema adota a otimiza\u00e7\u00e3o metaheur\u00edstica&nbsp; \u2014 modelo de instru\u00e7\u00e3o computacional&nbsp; \u2014 para fazer sele\u00e7\u00e3o de atributos e aplica algoritmos de intelig\u00eancia artificial (IA) para distinguir os sinais de voz de uma pessoa saud\u00e1vel e de uma pessoa com Parkinson. O estudo \u00e9 vinculado ao mestrado do Programa de P\u00f3s-Gradua\u00e7\u00e3o em Engenharia El\u00e9trica da Ufes (PPGEE) e orientado pelo professor Patrick Ciarelli.<\/p>\n\n\n\n<p>Segundo a Organiza\u00e7\u00e3o Mundial da Sa\u00fade (OMS), h\u00e1 aproximadamente 4 milh\u00f5es de pessoas no mundo diagnosticadas com Parkinson. No Brasil, o n\u00famero estimado equivale a 200 mil casos confirmados. A doen\u00e7a \u00e9 complexa, podendo se manifestar com maior incid\u00eancia a partir dos 60 anos, mas, quanto mais cedo se obt\u00e9m o diagn\u00f3stico, mais eficiente ser\u00e1 o tratamento para retardar a evolu\u00e7\u00e3o dos sintomas. O Parkinson segue sendo uma doen\u00e7a sem cura.&nbsp;<\/p>\n\n\n\n<p>\u201cMe interessei por aplica\u00e7\u00f5es biom\u00e9dicas do processamento de sinais, em especial para identifica\u00e7\u00e3o de doen\u00e7as neurodegenerativas, pois tais doen\u00e7as acometem membros da minha fam\u00edlia. O uso de sinais de voz para identifica\u00e7\u00e3o da doen\u00e7a de Parkinson \u00e9 uma \u00e1rea de pesquisa ainda incipiente, de desenvolvimento recente, em especial no Brasil, onde n\u00e3o h\u00e1 ainda bancos de dados p\u00fablicos para tal investiga\u00e7\u00e3o\u201d, explica o autor do estudo, Peter Garcez.<\/p>\n\n\n\n<p><strong>Os sintomas do Parkinson<\/strong><\/p>\n\n\n\n<p>O pesquisador explica que os sintomas motores do Parkinson, como tremor em repouso e lentid\u00e3o nos movimentos, a dem\u00eancia e outros sintomas comuns costumam surgir em est\u00e1gios mais avan\u00e7ados da doen\u00e7a. Por outro lado, os sintomas vocais s\u00e3o os primeiros a surgirem em cerca de 90% dos casos.<\/p>\n\n\n\n<p>\u201cAssim, ferramentas de aux\u00edlio ao diagn\u00f3stico baseadas em sinais de voz podem permitir a identifica\u00e7\u00e3o precoce da doen\u00e7a, indicando ao m\u00e9dico a presen\u00e7a do Parkinson em est\u00e1gios iniciais, antes do surgimento dos sintomas motores. Al\u00e9m disso, podem auxiliar no acompanhamento remoto da doen\u00e7a, evitando visitas cl\u00ednicas de pacientes cuja locomo\u00e7\u00e3o j\u00e1 esteja comprometida\u201d, detalha Garcez.<\/p>\n\n\n\n<p>Os resultados alcan\u00e7ados foram surpreendentes, superando alguns trabalhos relevantes da literatura recente. Foram identificados os atributos extra\u00eddos do processamento de sinais de voz que s\u00e3o mais relevantes para a identifica\u00e7\u00e3o da doen\u00e7a, contribuindo para a compreens\u00e3o dos par\u00e2metros vocais mais afetados pela doen\u00e7a.<\/p>\n\n\n\n<p><strong>Tecnologia<\/strong><\/p>\n\n\n\n<p>Os algoritmos de aprendizado de m\u00e1quina s\u00e3o um conjunto de instru\u00e7\u00f5es que permitem a um computador analisar e explorar dados complexos. Assim, a pesquisa conseguiu identificar e aprender os padr\u00f5es existentes nos sinais de voz de pessoas com Parkinson. O n\u00famero total de amostras de voz captadas foi 756, e para cada uma dessas amostras foram obtidos 752 atributos. Isso caracteriza um banco de dados num\u00e9rico, que s\u00e3o algarismos dispostos em uma tabela de tamanho 756 x 752.&nbsp;<\/p>\n\n\n\n<p>\u201cAgora veja, dentre os 752 atributos, nem todos s\u00e3o relevantes para a identifica\u00e7\u00e3o da doen\u00e7a. De fato, o desempenho da identifica\u00e7\u00e3o diminui quando todos os atributos s\u00e3o considerados ao mesmo tempo. Assim, tem-se o primeiro problema central que o trabalho abordou, que \u00e9 a \u2018sele\u00e7\u00e3o de atributos\u2019 no banco de dados, ou seja, a melhor combina\u00e7\u00e3o de atributos para o diagn\u00f3stico\u201d, afirma Garcez.&nbsp;<\/p>\n\n\n\n<p>A pesquisa tamb\u00e9m inovou ao investigar o uso de algoritmos metaheur\u00edsticos \u2014 modelo de instru\u00e7\u00e3o computacional \u2014 para serem aplicados no sistema de diagn\u00f3stico considerando o banco de dados. Esse modelo permite o ajuste dos par\u00e2metros das m\u00e1quinas, o que \u00e9 importante para seu desempenho. Al\u00e9m disso, permite a identifica\u00e7\u00e3o de atributos irrelevantes dos bancos de dados, o que reduz o custo computacional e o tempo de execu\u00e7\u00e3o desses algoritmos.<\/p>\n\n\n\n<p>Garcez explica que isso possibilita o desenvolvimento de t\u00e9cnicas de diagn\u00f3stico e&nbsp; monitoramento remoto da doen\u00e7a, que podem ser inseridas em dispositivo <em>mobile <\/em>e computadores de baixo custo.<\/p>\n\n\n\n<p><strong>Futuro<\/strong><\/p>\n\n\n\n<p>O pr\u00f3ximo passo do pesquisador \u00e9 desenvolver um banco de dados brasileiro, de prefer\u00eancia regional, para investigar a identifica\u00e7\u00e3o da doen\u00e7a de Parkinson a partir de vozes de nativos de l\u00edngua portuguesa, disponibilizando-o publicamente para o fomento da pesquisa em n\u00edvel mundial.<\/p>\n\n\n\n<p>\u201cIsso permitir\u00e1 tamb\u00e9m investigar a import\u00e2ncia das especificidades da l\u00edngua falada para a identifica\u00e7\u00e3o do Parkinson a partir de sinais de voz e de fala. Tal tarefa ser\u00e1 desenvolvida em projeto de doutorado\u201d, declara.&nbsp;<\/p>\n\n\n\n<p>\u00c9 durante o doutorado tamb\u00e9m que a fase de testes com seres humanos pretende ser iniciada, ap\u00f3s a aprova\u00e7\u00e3o pelo Comit\u00ea de \u00c9tica em Pesquisa da Ufes. \u201cTemos um acordo com uma neurologista pesquisadora do ambulat\u00f3rio da Ufes em Maru\u00edpe, ela vai nos possibilitar acesso a pacientes com Parkinson\u201d.<\/p>\n\n\n\n<p><strong>Financiamento<\/strong><\/p>\n\n\n\n<p>A pesquisa \u00e9 vinculada ao Laborat\u00f3rio de Computa\u00e7\u00e3o e Sistemas Neurais (LabCisne) da Ufes e recebe financiamento da Coordena\u00e7\u00e3o de Aperfei\u00e7oamento de Pessoal de N\u00edvel Superior (Capes).<\/p>\n\n\n\n<p><strong><em>* Bolsista em projeto de Comunica\u00e7\u00e3o<\/em><\/strong><\/p>\n\n\n\n<p><strong><em>Edi\u00e7\u00e3o: Sueli de Freitas<\/em><\/strong><\/p>\n\n\n\n<p><strong><em>Revis\u00e3o: Monick Barbosa<\/em><\/strong><\/p>\n","protected":false},"excerpt":{"rendered":"<div class=\"mh-excerpt\"><p>O estudo \u00e9 vinculado ao mestrado do Programa de P\u00f3s-Gradua\u00e7\u00e3o em Engenharia El\u00e9trica da Ufes (PPGEE) <\/p>\n<\/div>","protected":false},"author":397,"featured_media":3553,"comment_status":"open","ping_status":"open","sticky":false,"template":"","format":"standard","meta":{"_bbp_topic_count":0,"_bbp_reply_count":0,"_bbp_total_topic_count":0,"_bbp_total_reply_count":0,"_bbp_voice_count":0,"_bbp_anonymous_reply_count":0,"_bbp_topic_count_hidden":0,"_bbp_reply_count_hidden":0,"_bbp_forum_subforum_count":0,"_uag_custom_page_level_css":"","footnotes":""},"categories":[7,9,47],"tags":[266,265,133,201],"class_list":["post-3552","post","type-post","status-publish","format-standard","has-post-thumbnail","hentry","category-chamadinhas","category-noticias","category-online","tag-labcisne","tag-parkinson","tag-pesquisa","tag-ppgee"],"uagb_featured_image_src":{"full":["https:\/\/blog.ufes.br\/revistauniversidade\/files\/2025\/03\/Marcelo-Camargo-Agencia-Brasil-scaled.jpg",2560,1703,false],"thumbnail":["https:\/\/blog.ufes.br\/revistauniversidade\/files\/2025\/03\/Marcelo-Camargo-Agencia-Brasil-150x150.jpg",150,150,true],"medium":["https:\/\/blog.ufes.br\/revistauniversidade\/files\/2025\/03\/Marcelo-Camargo-Agencia-Brasil-300x200.jpg",300,200,true],"medium_large":["https:\/\/blog.ufes.br\/revistauniversidade\/files\/2025\/03\/Marcelo-Camargo-Agencia-Brasil-768x511.jpg",768,511,true],"large":["https:\/\/blog.ufes.br\/revistauniversidade\/files\/2025\/03\/Marcelo-Camargo-Agencia-Brasil-1024x681.jpg",1024,681,true],"1536x1536":["https:\/\/blog.ufes.br\/revistauniversidade\/files\/2025\/03\/Marcelo-Camargo-Agencia-Brasil-1536x1022.jpg",1536,1022,true],"2048x2048":["https:\/\/blog.ufes.br\/revistauniversidade\/files\/2025\/03\/Marcelo-Camargo-Agencia-Brasil-2048x1363.jpg",2048,1363,true],"mh-magazine-lite-slider":["https:\/\/blog.ufes.br\/revistauniversidade\/files\/2025\/03\/Marcelo-Camargo-Agencia-Brasil-1030x438.jpg",1030,438,true],"mh-magazine-lite-content":["https:\/\/blog.ufes.br\/revistauniversidade\/files\/2025\/03\/Marcelo-Camargo-Agencia-Brasil-678x381.jpg",678,381,true],"mh-magazine-lite-large":["https:\/\/blog.ufes.br\/revistauniversidade\/files\/2025\/03\/Marcelo-Camargo-Agencia-Brasil-678x509.jpg",678,509,true],"mh-magazine-lite-medium":["https:\/\/blog.ufes.br\/revistauniversidade\/files\/2025\/03\/Marcelo-Camargo-Agencia-Brasil-326x245.jpg",326,245,true],"mh-magazine-lite-small":["https:\/\/blog.ufes.br\/revistauniversidade\/files\/2025\/03\/Marcelo-Camargo-Agencia-Brasil-80x60.jpg",80,60,true]},"uagb_author_info":{"display_name":"sueli.freitas","author_link":"https:\/\/blog.ufes.br\/revistauniversidade\/author\/sueli_checon-de-freitas\/"},"uagb_comment_info":2,"uagb_excerpt":"O estudo \u00e9 vinculado ao mestrado do Programa de P\u00f3s-Gradua\u00e7\u00e3o em Engenharia El\u00e9trica da Ufes (PPGEE)","_links":{"self":[{"href":"https:\/\/blog.ufes.br\/revistauniversidade\/wp-json\/wp\/v2\/posts\/3552","targetHints":{"allow":["GET"]}}],"collection":[{"href":"https:\/\/blog.ufes.br\/revistauniversidade\/wp-json\/wp\/v2\/posts"}],"about":[{"href":"https:\/\/blog.ufes.br\/revistauniversidade\/wp-json\/wp\/v2\/types\/post"}],"author":[{"embeddable":true,"href":"https:\/\/blog.ufes.br\/revistauniversidade\/wp-json\/wp\/v2\/users\/397"}],"replies":[{"embeddable":true,"href":"https:\/\/blog.ufes.br\/revistauniversidade\/wp-json\/wp\/v2\/comments?post=3552"}],"version-history":[{"count":1,"href":"https:\/\/blog.ufes.br\/revistauniversidade\/wp-json\/wp\/v2\/posts\/3552\/revisions"}],"predecessor-version":[{"id":3554,"href":"https:\/\/blog.ufes.br\/revistauniversidade\/wp-json\/wp\/v2\/posts\/3552\/revisions\/3554"}],"wp:featuredmedia":[{"embeddable":true,"href":"https:\/\/blog.ufes.br\/revistauniversidade\/wp-json\/wp\/v2\/media\/3553"}],"wp:attachment":[{"href":"https:\/\/blog.ufes.br\/revistauniversidade\/wp-json\/wp\/v2\/media?parent=3552"}],"wp:term":[{"taxonomy":"category","embeddable":true,"href":"https:\/\/blog.ufes.br\/revistauniversidade\/wp-json\/wp\/v2\/categories?post=3552"},{"taxonomy":"post_tag","embeddable":true,"href":"https:\/\/blog.ufes.br\/revistauniversidade\/wp-json\/wp\/v2\/tags?post=3552"}],"curies":[{"name":"wp","href":"https:\/\/api.w.org\/{rel}","templated":true}]}}