{"id":3665,"date":"2025-07-08T18:04:12","date_gmt":"2025-07-08T21:04:12","guid":{"rendered":"https:\/\/blog.ufes.br\/revistauniversidade\/?p=3665"},"modified":"2025-07-31T19:23:32","modified_gmt":"2025-07-31T22:23:32","slug":"ufes-e-parceiras-vao-fazer-a-medicao-da-qualidade-do-ar-com-ia-em-belem-durante-a-cop30","status":"publish","type":"post","link":"https:\/\/blog.ufes.br\/revistauniversidade\/2025\/07\/08\/ufes-e-parceiras-vao-fazer-a-medicao-da-qualidade-do-ar-com-ia-em-belem-durante-a-cop30\/","title":{"rendered":"Ufes e parceiras v\u00e3o fazer a medi\u00e7\u00e3o da qualidade do ar em Bel\u00e9m durante a COP30"},"content":{"rendered":"\n<p><strong><em>Ana Julia Cabral*<\/em><\/strong><\/p>\n\n\n\n<p>Nem toda polui\u00e7\u00e3o do ar \u00e9 vis\u00edvel, mas o material particulado fino, chamado de PM2.5, \u00e9 o mais letal \u00e0 vida humana. Pensando nisso, o Laborat\u00f3rio de Telecomunica\u00e7\u00f5es da Ufes (LabTel) e o Centro de Pesquisa, Inova\u00e7\u00e3o e Desenvolvimento do Esp\u00edrito Santo (Cpid), em parceria com a Universidade Federal do Par\u00e1 (UFPA) e a Universidade Federal do Sul e Sudeste do Par\u00e1 (Unifesspa), desenvolveram um dispositivo que mede a quantidade de PM2.5 na atmosfera e transmite os dados de um sat\u00e9lite em tempo real. A inova\u00e7\u00e3o estar\u00e1 em Bel\u00e9m durante a Confer\u00eancia das Na\u00e7\u00f5es Unidas sobre as Mudan\u00e7as Clim\u00e1ticas de 2025, a COP30, em novembro.<\/p>\n\n\n<div class=\"wp-block-image\">\n<figure class=\"alignleft size-large is-resized\"><img loading=\"lazy\" decoding=\"async\" width=\"769\" height=\"1024\" src=\"https:\/\/blog.ufes.br\/revistauniversidade\/files\/2025\/07\/Labtel-4-769x1024.jpeg\" alt=\"\" class=\"wp-image-3666\" style=\"width:391px;height:auto\" srcset=\"https:\/\/blog.ufes.br\/revistauniversidade\/files\/2025\/07\/Labtel-4-769x1024.jpeg 769w, https:\/\/blog.ufes.br\/revistauniversidade\/files\/2025\/07\/Labtel-4-225x300.jpeg 225w, https:\/\/blog.ufes.br\/revistauniversidade\/files\/2025\/07\/Labtel-4-768x1023.jpeg 768w, https:\/\/blog.ufes.br\/revistauniversidade\/files\/2025\/07\/Labtel-4-1153x1536.jpeg 1153w, https:\/\/blog.ufes.br\/revistauniversidade\/files\/2025\/07\/Labtel-4.jpeg 1201w\" sizes=\"auto, (max-width: 769px) 100vw, 769px\" \/><\/figure>\n<\/div>\n\n\n<p>O prot\u00f3tipo, que est\u00e1 em fase final de desenvolvimento e ajustes para sua estreia na COP30, \u00e9 integrado a um autom\u00f3vel, movido a energia solar, e a um sistema de intelig\u00eancia artificial, que re\u00fane os dados do sat\u00e9lite e dos sensores. O equipamento transmite dados, por minuto, \u00e0 base do sistema.<\/p>\n\n\n\n<p>A instala\u00e7\u00e3o do equipamento no ve\u00edculo foi feita em parceria com a rede de Intelig\u00eancia Artificial Recriando Ambientes (Iara). J\u00e1 o sensor foi desenvolvido na Universidade de Cambridge, no Reino Unido, e otimizado por pesquisadores capixabas para medir as part\u00edculas de PM2.5. Um total de 15 sensores ser\u00e1 levado pela Ufes \u00e0 capital do Par\u00e1. O sistema que gerencia o sensor foi desenvolvido por pesquisadores do LabTel.&nbsp;<\/p>\n\n\n\n<p><strong>Mapa<\/strong><\/p>\n\n\n\n<p>Os dados do monitoramento terrestre de part\u00edculas e os obtidos por sat\u00e9lite resultam num mapa que permite vasta utiliza\u00e7\u00e3o das informa\u00e7\u00f5es por diversos setores produtivos e a vigil\u00e2ncia ambiental. Daniele Pawelski, p\u00f3s-doutoranda no Programa de P\u00f3s-Gradua\u00e7\u00e3o em Engenharia El\u00e9trica (PPGEE) da Ufes e l\u00edder da equipe do LabTel na pesquisa, explica que \u201ca ideia \u00e9 disponibilizar essa sobreposi\u00e7\u00e3o de dados do equipamento, de sat\u00e9lite e tamb\u00e9m meteorol\u00f3gicos fazendo um mapeamento din\u00e2mico da qualidade do ar, n\u00e3o somente de um momento, mas com um hist\u00f3rico dessas informa\u00e7\u00f5es\u201d.<\/p>\n\n\n\n<p>O professor da Unifesspa e membro da equipe de pesquisa da intelig\u00eancia artificial do projeto no Par\u00e1, Hugo Kuribayashi, afirma que a estreia em Bel\u00e9m tem \u201ca inten\u00e7\u00e3o de construir um mapa de cobertura da qualidade do ar na cidade extrapolando, em alguma medida, as coletas feitas pelo carro\u201d, ou seja, \u201cnos bairros por onde o carro n\u00e3o passar, a gente conseguir\u00e1 ter uma estimativa da qualidade do ar porque vamos complementar com as informa\u00e7\u00f5es do sat\u00e9lite\u201d.<\/p>\n\n\n\n<p>Ele destacou que a medi\u00e7\u00e3o terrestre, feita a partir do ve\u00edculo com os sensores, \u00e9 muito importante, mas ser\u00e1 necess\u00e1rio criar um banco de dados que cubra toda a cidade e que forne\u00e7a outras informa\u00e7\u00f5es relevantes, como temperatura e umidade. O sistema feito com IA vai automatizar o recebimento desses dados num s\u00f3 lugar.&nbsp;<\/p>\n\n\n\n<p>Em breve, testes ser\u00e3o realizados na cidade de Cana\u00e3 de Caraj\u00e1s, no Par\u00e1. Os pesquisadores querem detalhar a forma de combinar os dados terrestres obtidos pelo ve\u00edculo do projeto com dados de sensoriamento remoto, como temperatura, umidade e n\u00edvel de part\u00edculas.<\/p>\n\n\n\n<p><strong>Agenda 2030<\/strong><\/p>\n\n\n\n<p>O projeto est\u00e1 relacionado \u00e0 Agenda 2030 da ONU \u2013 plano global com o objetivo de promover o desenvolvimento sustent\u00e1vel. A cria\u00e7\u00e3o desse prot\u00f3tipo dialoga diretamente com iniciativas apoiadas pela Confer\u00eancia, como a\u00e7\u00e3o clim\u00e1tica, sa\u00fade e bem-estar.&nbsp;<\/p>\n\n\n\n<p>\u201cCertamente teremos uma visibilidade [na COP30] infinitamente maior que jamais ter\u00edamos em outras condi\u00e7\u00f5es. Vamos usar o carro no pr\u00f3prio ambiente da Confer\u00eancia\u201d, pontuou Renato Franc\u00eas, que integra o grupo de pesquisadores da UFPA.<\/p>\n\n\n\n<p><strong>Polui\u00e7\u00e3o invis\u00edvel<\/strong><\/p>\n\n\n\n<p>A PM2.5 \u00e9 a menor part\u00edcula poluente derivada de metais ou compostos org\u00e2nicos e penetra profundamente nos pulm\u00f5es e corrente sangu\u00ednea. O impacto dessa part\u00edcula \u00e9 alarmante, podendo intensificar doen\u00e7as respirat\u00f3rias e cardiovasculares, tornando-se um problema de sa\u00fade p\u00fablica.<\/p>\n\n\n\n<p>A industrializa\u00e7\u00e3o e o uso de m\u00e1quinas de produ\u00e7\u00e3o em diversas cidades brasileiras agravam o cen\u00e1rio. Segundo o Relat\u00f3rio Estado do Ar Global 2024, mais de 90% do total global das mortes por polui\u00e7\u00e3o do ar s\u00e3o provocadas pela PM2.5.&nbsp;<\/p>\n\n\n\n<p>Um mapa de rastreamento de polui\u00e7\u00e3o como esse \u00e9 uma ferramenta valiosa para identificar \u00e1reas com alta concentra\u00e7\u00e3o de poluentes, permitindo que autoridades e cidad\u00e3os tomem medidas para mitigar os impactos na sa\u00fade e no meio ambiente, aponta o Instituto Nacional de Pesquisas Espaciais, o INPE.<\/p>\n\n\n\n<p><strong><em>*Bolsista em projeto de comunica\u00e7\u00e3o<\/em><\/strong><\/p>\n\n\n\n<p><strong><em>Editora: Sueli de Freitas<\/em><\/strong><\/p>\n\n\n\n<p><strong><em>Revis\u00e3o: Monick Barbosa<\/em><\/strong><\/p>\n\n\n\n<p><strong><em>Imagens: LabTel<\/em><\/strong><\/p>\n\n\n\n<p><\/p>\n","protected":false},"excerpt":{"rendered":"<div class=\"mh-excerpt\"><p>O prot\u00f3tipo \u00e9 integrado a um autom\u00f3vel e a um sistema de intelig\u00eancia artificial, que re\u00fane os dados de sat\u00e9lite e dos sensores<\/p>\n<\/div>","protected":false},"author":397,"featured_media":3667,"comment_status":"open","ping_status":"open","sticky":false,"template":"","format":"standard","meta":{"_bbp_topic_count":0,"_bbp_reply_count":0,"_bbp_total_topic_count":0,"_bbp_total_reply_count":0,"_bbp_voice_count":0,"_bbp_anonymous_reply_count":0,"_bbp_topic_count_hidden":0,"_bbp_reply_count_hidden":0,"_bbp_forum_subforum_count":0,"_uag_custom_page_level_css":"","footnotes":""},"categories":[7,9,47],"tags":[],"class_list":["post-3665","post","type-post","status-publish","format-standard","has-post-thumbnail","hentry","category-chamadinhas","category-noticias","category-online"],"uagb_featured_image_src":{"full":["https:\/\/blog.ufes.br\/revistauniversidade\/files\/2025\/07\/Labtel-2.jpeg",1600,1201,false],"thumbnail":["https:\/\/blog.ufes.br\/revistauniversidade\/files\/2025\/07\/Labtel-2-150x150.jpeg",150,150,true],"medium":["https:\/\/blog.ufes.br\/revistauniversidade\/files\/2025\/07\/Labtel-2-300x225.jpeg",300,225,true],"medium_large":["https:\/\/blog.ufes.br\/revistauniversidade\/files\/2025\/07\/Labtel-2-768x576.jpeg",768,576,true],"large":["https:\/\/blog.ufes.br\/revistauniversidade\/files\/2025\/07\/Labtel-2-1024x769.jpeg",1024,769,true],"1536x1536":["https:\/\/blog.ufes.br\/revistauniversidade\/files\/2025\/07\/Labtel-2-1536x1153.jpeg",1536,1153,true],"2048x2048":["https:\/\/blog.ufes.br\/revistauniversidade\/files\/2025\/07\/Labtel-2.jpeg",1600,1201,false],"mh-magazine-lite-slider":["https:\/\/blog.ufes.br\/revistauniversidade\/files\/2025\/07\/Labtel-2-1030x438.jpeg",1030,438,true],"mh-magazine-lite-content":["https:\/\/blog.ufes.br\/revistauniversidade\/files\/2025\/07\/Labtel-2-678x381.jpeg",678,381,true],"mh-magazine-lite-large":["https:\/\/blog.ufes.br\/revistauniversidade\/files\/2025\/07\/Labtel-2-678x509.jpeg",678,509,true],"mh-magazine-lite-medium":["https:\/\/blog.ufes.br\/revistauniversidade\/files\/2025\/07\/Labtel-2-326x245.jpeg",326,245,true],"mh-magazine-lite-small":["https:\/\/blog.ufes.br\/revistauniversidade\/files\/2025\/07\/Labtel-2-80x60.jpeg",80,60,true]},"uagb_author_info":{"display_name":"sueli.freitas","author_link":"https:\/\/blog.ufes.br\/revistauniversidade\/author\/sueli_checon-de-freitas\/"},"uagb_comment_info":0,"uagb_excerpt":"O prot\u00f3tipo \u00e9 integrado a um autom\u00f3vel e a um sistema de intelig\u00eancia artificial, que re\u00fane os dados de sat\u00e9lite e dos sensores","_links":{"self":[{"href":"https:\/\/blog.ufes.br\/revistauniversidade\/wp-json\/wp\/v2\/posts\/3665","targetHints":{"allow":["GET"]}}],"collection":[{"href":"https:\/\/blog.ufes.br\/revistauniversidade\/wp-json\/wp\/v2\/posts"}],"about":[{"href":"https:\/\/blog.ufes.br\/revistauniversidade\/wp-json\/wp\/v2\/types\/post"}],"author":[{"embeddable":true,"href":"https:\/\/blog.ufes.br\/revistauniversidade\/wp-json\/wp\/v2\/users\/397"}],"replies":[{"embeddable":true,"href":"https:\/\/blog.ufes.br\/revistauniversidade\/wp-json\/wp\/v2\/comments?post=3665"}],"version-history":[{"count":6,"href":"https:\/\/blog.ufes.br\/revistauniversidade\/wp-json\/wp\/v2\/posts\/3665\/revisions"}],"predecessor-version":[{"id":3673,"href":"https:\/\/blog.ufes.br\/revistauniversidade\/wp-json\/wp\/v2\/posts\/3665\/revisions\/3673"}],"wp:featuredmedia":[{"embeddable":true,"href":"https:\/\/blog.ufes.br\/revistauniversidade\/wp-json\/wp\/v2\/media\/3667"}],"wp:attachment":[{"href":"https:\/\/blog.ufes.br\/revistauniversidade\/wp-json\/wp\/v2\/media?parent=3665"}],"wp:term":[{"taxonomy":"category","embeddable":true,"href":"https:\/\/blog.ufes.br\/revistauniversidade\/wp-json\/wp\/v2\/categories?post=3665"},{"taxonomy":"post_tag","embeddable":true,"href":"https:\/\/blog.ufes.br\/revistauniversidade\/wp-json\/wp\/v2\/tags?post=3665"}],"curies":[{"name":"wp","href":"https:\/\/api.w.org\/{rel}","templated":true}]}}