{"id":3761,"date":"2025-10-14T15:54:54","date_gmt":"2025-10-14T18:54:54","guid":{"rendered":"https:\/\/blog.ufes.br\/revistauniversidade\/?p=3761"},"modified":"2025-11-03T16:55:46","modified_gmt":"2025-11-03T19:55:46","slug":"ufes-participa-da-validacao-de-algoritmos-de-aplicativo-da-oms-para-diagnostico-de-doencas-de-pele","status":"publish","type":"post","link":"https:\/\/blog.ufes.br\/revistauniversidade\/2025\/10\/14\/ufes-participa-da-validacao-de-algoritmos-de-aplicativo-da-oms-para-diagnostico-de-doencas-de-pele\/","title":{"rendered":"Ufes participa da valida\u00e7\u00e3o de algoritmos de aplicativo da OMS para diagn\u00f3stico de doen\u00e7as de pele\u00a0"},"content":{"rendered":"\n<p><strong><em>Sueli de Freitas<\/em><\/strong><\/p>\n\n\n\n<p>A Ufes, por meio de um grupo de trabalho coordenado pela dermatologista e professora Patr\u00edcia&nbsp;Deps, do Departamento de Sa\u00fade Coletiva, est\u00e1 participando da fase de valida\u00e7\u00e3o dos&nbsp;algoritmos&nbsp;do&nbsp;<em>WHO&nbsp;Skin&nbsp;NTD<\/em>,&nbsp;aplicativo da Organiza\u00e7\u00e3o Mundial de Sa\u00fade (OMS) criado para informar e diagnosticar Doen\u00e7as Tropicais Negligenciadas (DTNs) da \u00e1rea dermatol\u00f3gica, como a hansen\u00edase. O aplicativo come\u00e7ou a ser criado pela OMS e parceiros em 2020. Em 2023, foi lan\u00e7ada uma vers\u00e3o beta com uso de intelig\u00eancia artificial para identificar as doen\u00e7as a partir da captura de imagem da les\u00e3o.&nbsp;<\/p>\n\n\n\n<p>\u201cEsse aplicativo tem finalidades educativas e de diagn\u00f3stico de aproximadamente\u00a0sete\u00a0DTNs\u00a0de pele e outras doen\u00e7as dermatol\u00f3gicas. O aplicativo d\u00e1 suporte para os profissionais de sa\u00fade da chamada linha de frente \u2013 no Brasil, seriam os m\u00e9dicos da aten\u00e7\u00e3o prim\u00e1ria que n\u00e3o s\u00e3o especialistas em doen\u00e7as de pele\u201d, afirma\u00a0Deps, que integra o grupo de assessoramento t\u00e9cnico do Programa Global de Hansen\u00edase da OMS.\u00a0\u00a0<\/p>\n\n\n\n<p>Por enquanto, apenas a finalidade educativa est\u00e1 dispon\u00edvel no aplicativo, que pode ser baixado nas lojas&nbsp;on-line, com vers\u00f5es em ingl\u00eas e franc\u00eas. O diagn\u00f3stico ser\u00e1 poss\u00edvel ap\u00f3s a fase de testes dos algoritmos. H\u00e1 grupos espalhados pelo mundo testando a efici\u00eancia da intelig\u00eancia artificial para identifica\u00e7\u00e3o de determinadas doen\u00e7as.&nbsp;&nbsp;<\/p>\n\n\n\n<p>\u201cPara os testes de valida\u00e7\u00e3o dos algoritmos aqui na Ufes,&nbsp;n\u00f3s usamos o nosso banco de imagens de les\u00f5es dermatol\u00f3gicas com diagn\u00f3stico de hansen\u00edase, com 419 imagens catalogadas. Tudo foi submetido e aprovado pelo Comit\u00ea de \u00c9tica do Centro de Ci\u00eancias da Sa\u00fade&nbsp;(CCS)&nbsp;da Ufes\u201d, diz a professora. Ao final, a OMS juntou mais algumas imagens de colaboradores da \u00c1frica.&nbsp;<\/p>\n\n\n\n<p>Os resultados, segundo&nbsp;Deps, foram de desempenho razo\u00e1vel para algumas les\u00f5es dentro do espectro cl\u00ednico imunol\u00f3gico da hansen\u00edase. Para outras, nem tanto. Esses resultados foram apresentados para a OMS, que utilizar\u00e1 mais imagens cl\u00ednicas para novo treino dos algoritmos.&nbsp;&nbsp;<\/p>\n\n\n\n<p>Ap\u00f3s esse retreino, haver\u00e1 outro processo de valida\u00e7\u00e3o, o que pode ser feito novamente na Ufes, pois o acordo assinado entre a Universidade e a OMS prev\u00ea que o banco de imagens capixaba \u00e9 apenas para valida\u00e7\u00e3o, nunca para treino de m\u00e1quina. Esse banco&nbsp;\u00e9 formado a partir de colabora\u00e7\u00f5es de pacientes de projetos de pesquisas anteriores da Ufes e de outros lugares do Brasil, al\u00e9m de imagens coletadas por&nbsp;Deps&nbsp;desde 1996.&nbsp;&nbsp;<\/p>\n\n\n\n<p><strong>O que s\u00e3o&nbsp;DTNs<\/strong>&nbsp;<\/p>\n\n\n\n<p>As\u00a0DTNs\u00a0s\u00e3o assim classificadas pela Organiza\u00e7\u00e3o Mundial da Sa\u00fade entendendo que s\u00e3o doen\u00e7as negligenciadas pelo poder p\u00fablico, pela ind\u00fastria farmac\u00eautica e por profissionais de sa\u00fade. \u201cExistem cerca de 120 doen\u00e7as tropicais negligenciadas pelo mundo afora. E de que mundo n\u00f3s estamos falando? Do hemisf\u00e9rio sul,\u00a0principalmente\u00a0as\u00a0zonas tropical e subtropical do\u00a0planeta,\u00a0onde existe maior concentra\u00e7\u00e3o de pobreza e essas doen\u00e7as est\u00e3o\u00a0presentes\u201d, diz\u00a0Deps, lembrando que, nesse grupo de doen\u00e7as, h\u00e1 v\u00e1rias que s\u00e3o de pele. Ela cita, por exemplo, a escabiose, conhecida popularmente por sarna e caracterizada por coceira constante no corpo.\u00a0\u201cO seu\u00a0acometimento impacta\u00a0seriamente a qualidade de vida do indiv\u00edduo\u201d, afirma.\u00a0<\/p>\n\n\n\n<p>A hansen\u00edase \u00e9 outra DTN importante. \u201c\u00c9 uma doen\u00e7a sist\u00eamica, inflamat\u00f3ria, infecciosa, com uma apresenta\u00e7\u00e3o cl\u00ednica que chamamos de espectral, indo desde uma mancha\u00a0esbranqui\u00e7ada\u00a0na pele at\u00e9 les\u00f5es mais evidentes,\u00a0como\u00a0n\u00f3dulos e\u00a0\u00falceras. O algoritmo deve ser capaz de identificar les\u00f5es de todo esse espectro, que \u00e9 uma classifica\u00e7\u00e3o de car\u00e1ter cl\u00ednico e imunol\u00f3gico\u201d explica Deps.\u00a0<\/p>\n\n\n\n<p><strong>Congresso<\/strong>&nbsp;<\/p>\n\n\n<div class=\"wp-block-image is-style-default\">\n<figure class=\"alignleft size-large is-resized\"><img loading=\"lazy\" decoding=\"async\" width=\"875\" height=\"1024\" src=\"http:\/\/blog.ufes.br\/revistauniversidade\/files\/2025\/10\/WhatsApp-Image-2025-10-01-at-17.55.55-875x1024.jpeg\" alt=\"\" class=\"wp-image-3762\" style=\"width:427px;height:auto\" srcset=\"https:\/\/blog.ufes.br\/revistauniversidade\/files\/2025\/10\/WhatsApp-Image-2025-10-01-at-17.55.55-875x1024.jpeg 875w, https:\/\/blog.ufes.br\/revistauniversidade\/files\/2025\/10\/WhatsApp-Image-2025-10-01-at-17.55.55-256x300.jpeg 256w, https:\/\/blog.ufes.br\/revistauniversidade\/files\/2025\/10\/WhatsApp-Image-2025-10-01-at-17.55.55-768x899.jpeg 768w, https:\/\/blog.ufes.br\/revistauniversidade\/files\/2025\/10\/WhatsApp-Image-2025-10-01-at-17.55.55.jpeg 1094w\" sizes=\"auto, (max-width: 875px) 100vw, 875px\" \/><figcaption class=\"wp-element-caption\">Deps (\u00e0 esquerda) e Amorim no Congresso em Paris<\/figcaption><\/figure>\n<\/div>\n\n\n<p>O estudo intitulado&nbsp;<strong><em>Valida\u00e7\u00e3o externa dos algoritmos de intelig\u00eancia artificial do aplicativo&nbsp;DTNs&nbsp;de pele da OMS para diagn\u00f3stico de hansen\u00edase e rea\u00e7\u00f5es&nbsp;hans\u00eanicas&nbsp;<\/em><\/strong>foi apresentado pela professora, acompanhada da&nbsp;mestranda&nbsp;do Programa de P\u00f3s-Gradua\u00e7\u00e3o em Doen\u00e7as Infecciosas da Ufes Bianca&nbsp;Amorim, no Congresso da Academia Europeia de Dermatologia e Venereologia, realizado em setembro na Fran\u00e7a.&nbsp;&nbsp;<\/p>\n\n\n\n<p><strong>Confira&nbsp;os capixabas&nbsp;que&nbsp;fazem&nbsp;parte do grupo que atua na valida\u00e7\u00e3o dos algoritmos&nbsp;da OMS<\/strong>&nbsp;<\/p>\n\n\n\n<p>Patr\u00edcia\u00a0Deps\u00a0\u2013\u00a0professora do\u00a0Departamento de Sa\u00fade Coletiva\u00a0e\u00a0do\u00a0Programa de P\u00f3s-Gradua\u00e7\u00e3o em Doen\u00e7as Infecciosas\u00a0(PPGDI)\u00a0da Ufes.\u00a0<\/p>\n\n\n\n<p>Raquel\u00a0Bertolani\u00a0\u2013\u00a0professora do\u00a0Departamento\u00a0de\u00a0Cl\u00ednica\u00a0M\u00e9dica\/Ufes.\u00a0<\/p>\n\n\n\n<p>Bianca&nbsp;Amorim&nbsp;\u2013&nbsp;p\u00f3s-graduanda&nbsp;do&nbsp;PPGDI\/Ufes.&nbsp;<\/p>\n\n\n\n<p>Taynah&nbsp;Repsold&nbsp;\u2013&nbsp;p\u00f3s-graduanda do&nbsp;PPGDI\/Ufes.&nbsp;<\/p>\n\n\n\n<p>Rafael Loureiro&nbsp;\u2013&nbsp;egresso do curso de Medicina da Ufes, atualmente atua no&nbsp;Departamento de Radiologia do Hospital Israelita Albert Einstein,&nbsp;em&nbsp;S\u00e3o Paulo.&nbsp;&nbsp;<\/p>\n\n\n\n<p>Douglas\u00a0Almonfrey\u00a0\u2013\u00a0professor\u00a0do\u00a0Instituto Federal de Educa\u00e7\u00e3o, Ci\u00eancia e Tecnologia do Esp\u00edrito Santo\u00a0(Ifes).\u00a0<\/p>\n\n\n\n<p>Thiago\u00a0Zanetti\u00a0\u2013\u00a0graduando do\u00a0Ifes.\u00a0<\/p>\n\n\n\n<p><strong><em>Revis\u00e3o: Monick Barbosa<\/em><\/strong><\/p>\n\n\n\n<p><strong><em>Imagens: imagem ilustrativa e arquivo pessoal<\/em><\/strong><\/p>\n\n\n\n<p><\/p>\n\n\n\n<p><\/p>\n","protected":false},"excerpt":{"rendered":"<div class=\"mh-excerpt\"><p>Pesquisadores usaram o banco de imagens de les\u00f5es dermatol\u00f3gicas com diagn\u00f3stico de hansen\u00edase da Ufes, com 419 imagens catalogadas<\/p>\n<\/div>","protected":false},"author":397,"featured_media":859,"comment_status":"open","ping_status":"open","sticky":false,"template":"","format":"standard","meta":{"_bbp_topic_count":0,"_bbp_reply_count":0,"_bbp_total_topic_count":0,"_bbp_total_reply_count":0,"_bbp_voice_count":0,"_bbp_anonymous_reply_count":0,"_bbp_topic_count_hidden":0,"_bbp_reply_count_hidden":0,"_bbp_forum_subforum_count":0,"_uag_custom_page_level_css":"","footnotes":""},"categories":[7,9,47],"tags":[],"class_list":["post-3761","post","type-post","status-publish","format-standard","has-post-thumbnail","hentry","category-chamadinhas","category-noticias","category-online"],"uagb_featured_image_src":{"full":["https:\/\/blog.ufes.br\/revistauniversidade\/files\/2019\/11\/smartphone-internet-das-coisas-gerd-altman-pixabay.jpg",1280,826,false],"thumbnail":["https:\/\/blog.ufes.br\/revistauniversidade\/files\/2019\/11\/smartphone-internet-das-coisas-gerd-altman-pixabay.jpg",150,97,false],"medium":["https:\/\/blog.ufes.br\/revistauniversidade\/files\/2019\/11\/smartphone-internet-das-coisas-gerd-altman-pixabay.jpg",300,194,false],"medium_large":["https:\/\/blog.ufes.br\/revistauniversidade\/files\/2019\/11\/smartphone-internet-das-coisas-gerd-altman-pixabay.jpg",768,496,false],"large":["https:\/\/blog.ufes.br\/revistauniversidade\/files\/2019\/11\/smartphone-internet-das-coisas-gerd-altman-pixabay.jpg",1024,661,false],"1536x1536":["https:\/\/blog.ufes.br\/revistauniversidade\/files\/2019\/11\/smartphone-internet-das-coisas-gerd-altman-pixabay.jpg",1280,826,false],"2048x2048":["https:\/\/blog.ufes.br\/revistauniversidade\/files\/2019\/11\/smartphone-internet-das-coisas-gerd-altman-pixabay.jpg",1280,826,false],"mh-magazine-lite-slider":["https:\/\/blog.ufes.br\/revistauniversidade\/files\/2019\/11\/smartphone-internet-das-coisas-gerd-altman-pixabay.jpg",679,438,false],"mh-magazine-lite-content":["https:\/\/blog.ufes.br\/revistauniversidade\/files\/2019\/11\/smartphone-internet-das-coisas-gerd-altman-pixabay.jpg",590,381,false],"mh-magazine-lite-large":["https:\/\/blog.ufes.br\/revistauniversidade\/files\/2019\/11\/smartphone-internet-das-coisas-gerd-altman-pixabay.jpg",678,438,false],"mh-magazine-lite-medium":["https:\/\/blog.ufes.br\/revistauniversidade\/files\/2019\/11\/smartphone-internet-das-coisas-gerd-altman-pixabay.jpg",326,210,false],"mh-magazine-lite-small":["https:\/\/blog.ufes.br\/revistauniversidade\/files\/2019\/11\/smartphone-internet-das-coisas-gerd-altman-pixabay.jpg",80,52,false]},"uagb_author_info":{"display_name":"sueli.freitas","author_link":"https:\/\/blog.ufes.br\/revistauniversidade\/author\/sueli_checon-de-freitas\/"},"uagb_comment_info":1,"uagb_excerpt":"Pesquisadores usaram o banco de imagens de les\u00f5es dermatol\u00f3gicas com diagn\u00f3stico de hansen\u00edase da Ufes, com 419 imagens catalogadas","_links":{"self":[{"href":"https:\/\/blog.ufes.br\/revistauniversidade\/wp-json\/wp\/v2\/posts\/3761","targetHints":{"allow":["GET"]}}],"collection":[{"href":"https:\/\/blog.ufes.br\/revistauniversidade\/wp-json\/wp\/v2\/posts"}],"about":[{"href":"https:\/\/blog.ufes.br\/revistauniversidade\/wp-json\/wp\/v2\/types\/post"}],"author":[{"embeddable":true,"href":"https:\/\/blog.ufes.br\/revistauniversidade\/wp-json\/wp\/v2\/users\/397"}],"replies":[{"embeddable":true,"href":"https:\/\/blog.ufes.br\/revistauniversidade\/wp-json\/wp\/v2\/comments?post=3761"}],"version-history":[{"count":5,"href":"https:\/\/blog.ufes.br\/revistauniversidade\/wp-json\/wp\/v2\/posts\/3761\/revisions"}],"predecessor-version":[{"id":3770,"href":"https:\/\/blog.ufes.br\/revistauniversidade\/wp-json\/wp\/v2\/posts\/3761\/revisions\/3770"}],"wp:featuredmedia":[{"embeddable":true,"href":"https:\/\/blog.ufes.br\/revistauniversidade\/wp-json\/wp\/v2\/media\/859"}],"wp:attachment":[{"href":"https:\/\/blog.ufes.br\/revistauniversidade\/wp-json\/wp\/v2\/media?parent=3761"}],"wp:term":[{"taxonomy":"category","embeddable":true,"href":"https:\/\/blog.ufes.br\/revistauniversidade\/wp-json\/wp\/v2\/categories?post=3761"},{"taxonomy":"post_tag","embeddable":true,"href":"https:\/\/blog.ufes.br\/revistauniversidade\/wp-json\/wp\/v2\/tags?post=3761"}],"curies":[{"name":"wp","href":"https:\/\/api.w.org\/{rel}","templated":true}]}}