{"id":531,"date":"2019-09-17T09:34:38","date_gmt":"2019-09-17T12:34:38","guid":{"rendered":"http:\/\/blog.ufes.br\/revistauniversidade\/?p=531"},"modified":"2022-11-03T09:38:07","modified_gmt":"2022-11-03T12:38:07","slug":"reportagem-sobre-o-canto-com-sussurros-ganha-premio-regional-de-comunicacao","status":"publish","type":"post","link":"https:\/\/blog.ufes.br\/revistauniversidade\/2019\/09\/17\/reportagem-sobre-o-canto-com-sussurros-ganha-premio-regional-de-comunicacao\/","title":{"rendered":"Reportagem sobre o canto com sussurros ganha pr\u00eamio regional de comunica\u00e7\u00e3o"},"content":{"rendered":"\n<p>  \u2013<em>Por La\u00eds Santana\u2013<\/em><\/p>\n\n\n\n<p>Os estudantes da Ufes Vinicius Viana e Lucas Santos ganharam, em junho, o Pr\u00eamio Expocom (Exposi\u00e7\u00e3o de Pesquisa Experimental em Comunica\u00e7\u00e3o), pela reportagem em radiojornalismo \u201cWhisperpop: quando os sussurros falaram mais alto no r\u00e1dio\u201d. Os dois alunos do s\u00e9timo per\u00edodo de Comunica\u00e7\u00e3o Social-Jornalismo receberam o reconhecimento na edi\u00e7\u00e3o regional do Congresso da Sociedade Brasileira de Estudos Interdisciplinares da Comunica\u00e7\u00e3o, o Intercom Sudeste, realizado em Vit\u00f3ria, no campus de Goiabeiras. <\/p>\n\n\n\n<p>O Pr\u00eamio Expocom se destina aos melhores trabalhos produzidos por alunos de gradua\u00e7\u00e3o em Comunica\u00e7\u00e3o Social. A premia\u00e7\u00e3o \u00e9 dividida em tr\u00eas etapas \u2013 local, regional e nacional \u2013, nas quais concorrem trabalhos indicados pela institui\u00e7\u00e3o de ensino superior na qual foram produzidos, em um total de 70 categorias.<\/p>\n\n\n\n<p>A reportagem da Ufes que recebeu o reconhecimento este ano analisa os rumos e tend\u00eancias da m\u00fasica pop e explora o resgate da antiga t\u00e9cnica do canto sussurrado por artistas contempor\u00e2neos como Lana del Rey, Selena Gomez, Julia Michaels e Pabllo Vittar. A apura\u00e7\u00e3o e a produ\u00e7\u00e3o contaram com a orienta\u00e7\u00e3o do professor Pedro Marra, na disciplina de Laborat\u00f3rio de Radiojornalismo. Os alunos tamb\u00e9m entrevistaram a maestrina e professora de canto \u00c2ngela Volpato para esclarecer o impacto do emprego do ar para produzir sons musicais com a voz e os problemas do uso indevido das cordas vocais. <\/p>\n\n\n\n<p>A dupla ressalta a contribui\u00e7\u00e3o da Ufes para a cria\u00e7\u00e3o deste projeto e acredita que o pr\u00eamio comprova a qualidade do ensino superior p\u00fablico. \u201cConseguimos chegar \u00e0 classifica\u00e7\u00e3o nacional de um dos maiores pr\u00eamios de trabalhos acad\u00eamicos experimentais. Ganhar esse pr\u00eamio n\u00e3o \u00e9 uma vit\u00f3ria s\u00f3 nossa, mas tamb\u00e9m da Universidade\u201d, diz Santos, que demonstra interesse em trabalhar na \u00e1rea radiof\u00f4nica. \u201cNosso objetivo \u00e9 tamb\u00e9m ganhar a premia\u00e7\u00e3o nacional e demonstrar o potencial da Ufes e do nosso jornalismo\u201d, completa.<\/p>\n\n\n\n<p>Vinicius Viana e Lucas Santos levar\u00e3o o trabalho sobre Whisperpop para o Intercom Nacional, que acontecer\u00e1 em Bel\u00e9m (PA) de 2 a 7 de setembro de 2019, para concorrer com os finalistas dos demais congressos regionais. No Intercom Sudeste de 2018, a Ufes tamb\u00e9m saiu premiada, nas categorias Fotografia Publicit\u00e1ria e Charge\/caricatura\/ilustra\u00e7\u00e3o.<br><\/p>\n","protected":false},"excerpt":{"rendered":"<div class=\"mh-excerpt\"><p>\u2013Por La\u00eds Santana\u2013 Os estudantes da Ufes Vinicius Viana e Lucas Santos ganharam, em junho, o Pr\u00eamio Expocom (Exposi\u00e7\u00e3o de Pesquisa Experimental em Comunica\u00e7\u00e3o), pela <a class=\"mh-excerpt-more\" href=\"https:\/\/blog.ufes.br\/revistauniversidade\/2019\/09\/17\/reportagem-sobre-o-canto-com-sussurros-ganha-premio-regional-de-comunicacao\/\" title=\"Reportagem sobre o canto com sussurros ganha pr\u00eamio regional de comunica\u00e7\u00e3o\">[&#8230;]<\/a><\/p>\n<\/div>","protected":false},"author":350,"featured_media":533,"comment_status":"open","ping_status":"open","sticky":false,"template":"","format":"standard","meta":{"_bbp_topic_count":0,"_bbp_reply_count":0,"_bbp_total_topic_count":0,"_bbp_total_reply_count":0,"_bbp_voice_count":0,"_bbp_anonymous_reply_count":0,"_bbp_topic_count_hidden":0,"_bbp_reply_count_hidden":0,"_bbp_forum_subforum_count":0,"_uag_custom_page_level_css":"","footnotes":""},"categories":[46,9],"tags":[10,11],"class_list":["post-531","post","type-post","status-publish","format-standard","has-post-thumbnail","hentry","category-edicao-010","category-noticias","tag-ideia-premiada","tag-premio"],"uagb_featured_image_src":{"full":["https:\/\/blog.ufes.br\/revistauniversidade\/files\/2019\/07\/IMG_7081.jpg",3264,2448,false],"thumbnail":["https:\/\/blog.ufes.br\/revistauniversidade\/files\/2019\/07\/IMG_7081.jpg",150,113,false],"medium":["https:\/\/blog.ufes.br\/revistauniversidade\/files\/2019\/07\/IMG_7081.jpg",300,225,false],"medium_large":["https:\/\/blog.ufes.br\/revistauniversidade\/files\/2019\/07\/IMG_7081.jpg",768,576,false],"large":["https:\/\/blog.ufes.br\/revistauniversidade\/files\/2019\/07\/IMG_7081.jpg",1024,768,false],"1536x1536":["https:\/\/blog.ufes.br\/revistauniversidade\/files\/2019\/07\/IMG_7081.jpg",1536,1152,false],"2048x2048":["https:\/\/blog.ufes.br\/revistauniversidade\/files\/2019\/07\/IMG_7081.jpg",2048,1536,false],"mh-magazine-lite-slider":["https:\/\/blog.ufes.br\/revistauniversidade\/files\/2019\/07\/IMG_7081.jpg",584,438,false],"mh-magazine-lite-content":["https:\/\/blog.ufes.br\/revistauniversidade\/files\/2019\/07\/IMG_7081.jpg",508,381,false],"mh-magazine-lite-large":["https:\/\/blog.ufes.br\/revistauniversidade\/files\/2019\/07\/IMG_7081.jpg",678,509,false],"mh-magazine-lite-medium":["https:\/\/blog.ufes.br\/revistauniversidade\/files\/2019\/07\/IMG_7081.jpg",326,245,false],"mh-magazine-lite-small":["https:\/\/blog.ufes.br\/revistauniversidade\/files\/2019\/07\/IMG_7081.jpg",80,60,false]},"uagb_author_info":{"display_name":"lidia.hora","author_link":"https:\/\/blog.ufes.br\/revistauniversidade\/author\/lidia_gurgel-neves-hora\/"},"uagb_comment_info":0,"uagb_excerpt":"\u2013Por La\u00eds Santana\u2013 Os estudantes da Ufes Vinicius Viana e Lucas Santos ganharam, em junho, o Pr\u00eamio Expocom (Exposi\u00e7\u00e3o de Pesquisa Experimental em Comunica\u00e7\u00e3o), pela [...]","_links":{"self":[{"href":"https:\/\/blog.ufes.br\/revistauniversidade\/wp-json\/wp\/v2\/posts\/531","targetHints":{"allow":["GET"]}}],"collection":[{"href":"https:\/\/blog.ufes.br\/revistauniversidade\/wp-json\/wp\/v2\/posts"}],"about":[{"href":"https:\/\/blog.ufes.br\/revistauniversidade\/wp-json\/wp\/v2\/types\/post"}],"author":[{"embeddable":true,"href":"https:\/\/blog.ufes.br\/revistauniversidade\/wp-json\/wp\/v2\/users\/350"}],"replies":[{"embeddable":true,"href":"https:\/\/blog.ufes.br\/revistauniversidade\/wp-json\/wp\/v2\/comments?post=531"}],"version-history":[{"count":10,"href":"https:\/\/blog.ufes.br\/revistauniversidade\/wp-json\/wp\/v2\/posts\/531\/revisions"}],"predecessor-version":[{"id":729,"href":"https:\/\/blog.ufes.br\/revistauniversidade\/wp-json\/wp\/v2\/posts\/531\/revisions\/729"}],"wp:featuredmedia":[{"embeddable":true,"href":"https:\/\/blog.ufes.br\/revistauniversidade\/wp-json\/wp\/v2\/media\/533"}],"wp:attachment":[{"href":"https:\/\/blog.ufes.br\/revistauniversidade\/wp-json\/wp\/v2\/media?parent=531"}],"wp:term":[{"taxonomy":"category","embeddable":true,"href":"https:\/\/blog.ufes.br\/revistauniversidade\/wp-json\/wp\/v2\/categories?post=531"},{"taxonomy":"post_tag","embeddable":true,"href":"https:\/\/blog.ufes.br\/revistauniversidade\/wp-json\/wp\/v2\/tags?post=531"}],"curies":[{"name":"wp","href":"https:\/\/api.w.org\/{rel}","templated":true}]}}