{"id":77,"date":"2018-06-07T11:29:45","date_gmt":"2018-06-07T14:29:45","guid":{"rendered":"http:\/\/blog.ufes.br\/revistauniversidade\/?p=77"},"modified":"2022-01-25T11:13:21","modified_gmt":"2022-01-25T14:13:21","slug":"edicao-08","status":"publish","type":"post","link":"https:\/\/blog.ufes.br\/revistauniversidade\/2018\/06\/07\/edicao-08\/","title":{"rendered":"Folhear a Edi\u00e7\u00e3o 08 | Junho 2018"},"content":{"rendered":"<h2><strong><em>Sum\u00e1rio<\/em><\/strong><\/h2>\n<p>\u2022 <a href=\"https:\/\/blog.ufes.br\/revistauniversidade\/2018\/05\/24\/mulheres-e-as-pesquisas-na-ufes\/\">Mulheres e as pesquisas na Ufes <\/a><\/p>\n<p>\u2022 <a href=\"https:\/\/blog.ufes.br\/revistauniversidade\/2018\/05\/24\/pesquisas-tiram-escritoras-capixabas-da-escuridao-do-anonimato\/\">Pesquisas tiram escritoras capixabas da escurid\u00e3o do anonimato <\/a><\/p>\n<p>\u2022 <a href=\"https:\/\/blog.ufes.br\/revistauniversidade\/2018\/05\/24\/genero-raca-e-educacao-infeliz-triade-nos-capitulos-da-historia-do-brasil\/\">G\u00eanero, ra\u00e7a e educa\u00e7\u00e3o: infeliz tr\u00edade nos cap\u00edtulos da Hist\u00f3ria do Brasil<\/a><\/p>\n<p>\u2022 <a href=\"https:\/\/blog.ufes.br\/revistauniversidade\/2018\/06\/11\/a-participacao-da-mulher-na-politica-uma-questao-de-genero\/\">Participa\u00e7\u00e3o da mulher na pol\u00edtica: uma quest\u00e3o de g\u00eanero<\/a><\/p>\n<p>\u2022 <a href=\"https:\/\/blog.ufes.br\/revistauniversidade\/2018\/05\/24\/maternidade-e-carcere-a-experiencia-de-ser-mae-no-sistema-prisional\/\">Maternidade e c\u00e1rcere: a experi\u00eancia de ser m\u00e3e no sistema prisional<\/a><\/p>\n<p>\u2022 <a href=\"https:\/\/blog.ufes.br\/revistauniversidade\/2018\/05\/24\/preconceito-exclusao-e-violencia-por-nao-ser-homem-mas-mulher-transexual\/\">Preconceito, exclus\u00e3o e viol\u00eancia por ser mulher transexual<\/a><\/p>\n<p>\u2022 <a href=\"http:\/\/blog.ufes.br\/revistauniversidade\/2018\/05\/24\/do-mundo-da-biotecnologia-para-o-dia-a-dia-do-cidadao\/\">Biotecnologia e agroneg\u00f3cio<\/a><\/p>\n<p>\u2022 <a href=\"http:\/\/blog.ufes.br\/revistauniversidade\/2018\/06\/12\/violencia-contra\u2026r-a-mao-para-mim\/\">Viol\u00eancia contra a mulher: &#8220;voc\u00ea vai se arrepender de levantar a m\u00e3o para mim&#8221;<\/a><\/p>\n<p>\u2022 <a href=\"https:\/\/blog.ufes.br\/revistauniversidade\/2018\/06\/14\/doutoranda-quer-ajudar-a-desvendar-os-misterios-do-universo\/\">Doutoranda quer ajudar a desvendar os mist\u00e9rios do Universo<\/a><\/p>\n<p>\u2022 <a href=\"https:\/\/blog.ufes.br\/revistauniversidade\/2018\/06\/14\/os-beneficios-da-ciencia-para-a-saude-da-mulher\/\">Os benef\u00edcios da ci\u00eancia para a sa\u00fade da mulher<\/a><\/p>\n<p>\u2022 <a href=\"https:\/\/blog.ufes.br\/revistauniversidade\/2018\/06\/15\/por-uma-sociedade-mais-humana\/\">Iniciativa busca incluir pessoas com defici\u00eancia por meio da Educa\u00e7\u00e3o F\u00edsica<\/a><\/p>\n<p>\u2022 <a href=\"https:\/\/blog.ufes.br\/revistauniversidade\/2018\/06\/15\/entrevista-a-literatura-de-sinais-produz-sentidos-a-partir-das-vivencias\/\">Entrevista: \u201cA literatura de sinais produz sentidos a partir das viv\u00eancias\u201d<\/a><\/p>\n<p>\u2022 <a href=\"https:\/\/blog.ufes.br\/revistauniversidade\/2018\/06\/18\/o-nascimento-de-uma-galeria-de-arte\/\">O nascimento da Galeria de Arte Espa\u00e7o Universit\u00e1rio<\/a><\/p>\n<p>\u2022 <a href=\"https:\/\/blog.ufes.br\/revistauniversidade\/2018\/06\/18\/artigo-pesca-artesanal-e-desafios-para-a-gestao-costeira-no-espirito-santo\/\">Pesca artesanal e os desafios para a regi\u00e3o costeira<\/a><\/p>\n<h3>Ideia Premiada<\/h3>\n<p>\u2022 <a href=\"https:\/\/blog.ufes.br\/revistauniversidade\/2018\/06\/19\/pesquisa-sobre-utilizacao-de-residuos-de-vidros-em-concreto-recebe-premio\/\">Pesquisa sobre utiliza\u00e7\u00e3o de res\u00edduos de vidros em concreto recebe pr\u00eamio<\/a><\/p>\n<p>\u2022 <a href=\"https:\/\/blog.ufes.br\/revistauniversidade\/2018\/06\/19\/pesquisas-desenvolvidas-no-campus-de-alegre-sao-premiadas-em-encontro-latino-americano\/\">Pesquisas desenvolvidas no campus de Alegre s\u00e3o premiadas em encontro latino-americano<\/a><\/p>\n<p>\u2022 <a href=\"https:\/\/blog.ufes.br\/revistauniversidade\/2018\/06\/19\/pesquisa-mostra-como-economizar-ate-36-de-energia-eletrica-e-ganha-premio-nacional\/\">Pr\u00eamio nacional reconhece pesquisa da Ufes sobre como economizar at\u00e9 36% de energia el\u00e9trica<\/a><\/p>\n<h3>Patentes<\/h3>\n<p>\u2022 <a href=\"https:\/\/blog.ufes.br\/revistauniversidade\/2018\/06\/19\/ufes-possui-80-pedidos-de-patentes-depositados-no-inpi\/\">Ufes possui 80 pedidos de patentes depositados no INPI<\/a><\/p>\n<h3>Folhear a Edi\u00e7\u00e3o n\u00ba 8 da Revista Universidade<\/h3>\n<p><iframe title=\"Revista Universidade | n\u00ba 08  \" src=\"https:\/\/e.issuu.com\/embed.html?u=ufes&#038;d=revistauniversidade_8_web\" style=\"border:none; width: 500px; height: 383px;\" allow=\"clipboard-write,allow-top-navigation,allow-top-navigation-by-user-activation,allow-downloads,allow-scripts,allow-same-origin,allow-popups,allow-modals,allow-popups-to-escape-sandbox,allow-forms\"  allowfullscreen=\"true\"><\/iframe><\/p>\n","protected":false},"excerpt":{"rendered":"<div class=\"mh-excerpt\"><p>Sum\u00e1rio \u2022 Mulheres e as pesquisas na Ufes \u2022 Pesquisas tiram escritoras capixabas da escurid\u00e3o do anonimato \u2022 G\u00eanero, ra\u00e7a e educa\u00e7\u00e3o: infeliz tr\u00edade nos <a class=\"mh-excerpt-more\" href=\"https:\/\/blog.ufes.br\/revistauniversidade\/2018\/06\/07\/edicao-08\/\" title=\"Folhear a Edi\u00e7\u00e3o 08 | Junho 2018\">[&#8230;]<\/a><\/p>\n<\/div>","protected":false},"author":316,"featured_media":192,"comment_status":"open","ping_status":"open","sticky":false,"template":"","format":"standard","meta":{"_bbp_topic_count":0,"_bbp_reply_count":0,"_bbp_total_topic_count":0,"_bbp_total_reply_count":0,"_bbp_voice_count":0,"_bbp_anonymous_reply_count":0,"_bbp_topic_count_hidden":0,"_bbp_reply_count_hidden":0,"_bbp_forum_subforum_count":0,"_uag_custom_page_level_css":"","footnotes":""},"categories":[2],"tags":[],"class_list":["post-77","post","type-post","status-publish","format-standard","has-post-thumbnail","hentry","category-edicao008"],"uagb_featured_image_src":{"full":["https:\/\/blog.ufes.br\/revistauniversidade\/files\/2018\/06\/Capa-RevistaUniversidade_8-web.jpg",1200,1636,false],"thumbnail":["https:\/\/blog.ufes.br\/revistauniversidade\/files\/2018\/06\/Capa-RevistaUniversidade_8-web.jpg",110,150,false],"medium":["https:\/\/blog.ufes.br\/revistauniversidade\/files\/2018\/06\/Capa-RevistaUniversidade_8-web.jpg",220,300,false],"medium_large":["https:\/\/blog.ufes.br\/revistauniversidade\/files\/2018\/06\/Capa-RevistaUniversidade_8-web.jpg",768,1047,false],"large":["https:\/\/blog.ufes.br\/revistauniversidade\/files\/2018\/06\/Capa-RevistaUniversidade_8-web.jpg",751,1024,false],"1536x1536":["https:\/\/blog.ufes.br\/revistauniversidade\/files\/2018\/06\/Capa-RevistaUniversidade_8-web.jpg",1127,1536,false],"2048x2048":["https:\/\/blog.ufes.br\/revistauniversidade\/files\/2018\/06\/Capa-RevistaUniversidade_8-web.jpg",1200,1636,false],"mh-magazine-lite-slider":["https:\/\/blog.ufes.br\/revistauniversidade\/files\/2018\/06\/Capa-RevistaUniversidade_8-web.jpg",321,438,false],"mh-magazine-lite-content":["https:\/\/blog.ufes.br\/revistauniversidade\/files\/2018\/06\/Capa-RevistaUniversidade_8-web.jpg",279,381,false],"mh-magazine-lite-large":["https:\/\/blog.ufes.br\/revistauniversidade\/files\/2018\/06\/Capa-RevistaUniversidade_8-web.jpg",373,509,false],"mh-magazine-lite-medium":["https:\/\/blog.ufes.br\/revistauniversidade\/files\/2018\/06\/Capa-RevistaUniversidade_8-web.jpg",180,245,false],"mh-magazine-lite-small":["https:\/\/blog.ufes.br\/revistauniversidade\/files\/2018\/06\/Capa-RevistaUniversidade_8-web.jpg",44,60,false]},"uagb_author_info":{"display_name":"evandro.rosa","author_link":"https:\/\/blog.ufes.br\/revistauniversidade\/author\/evandro-rosa\/"},"uagb_comment_info":0,"uagb_excerpt":"Sum\u00e1rio \u2022 Mulheres e as pesquisas na Ufes \u2022 Pesquisas tiram escritoras capixabas da escurid\u00e3o do anonimato \u2022 G\u00eanero, ra\u00e7a e educa\u00e7\u00e3o: infeliz tr\u00edade nos [...]","_links":{"self":[{"href":"https:\/\/blog.ufes.br\/revistauniversidade\/wp-json\/wp\/v2\/posts\/77","targetHints":{"allow":["GET"]}}],"collection":[{"href":"https:\/\/blog.ufes.br\/revistauniversidade\/wp-json\/wp\/v2\/posts"}],"about":[{"href":"https:\/\/blog.ufes.br\/revistauniversidade\/wp-json\/wp\/v2\/types\/post"}],"author":[{"embeddable":true,"href":"https:\/\/blog.ufes.br\/revistauniversidade\/wp-json\/wp\/v2\/users\/316"}],"replies":[{"embeddable":true,"href":"https:\/\/blog.ufes.br\/revistauniversidade\/wp-json\/wp\/v2\/comments?post=77"}],"version-history":[{"count":19,"href":"https:\/\/blog.ufes.br\/revistauniversidade\/wp-json\/wp\/v2\/posts\/77\/revisions"}],"predecessor-version":[{"id":2165,"href":"https:\/\/blog.ufes.br\/revistauniversidade\/wp-json\/wp\/v2\/posts\/77\/revisions\/2165"}],"wp:featuredmedia":[{"embeddable":true,"href":"https:\/\/blog.ufes.br\/revistauniversidade\/wp-json\/wp\/v2\/media\/192"}],"wp:attachment":[{"href":"https:\/\/blog.ufes.br\/revistauniversidade\/wp-json\/wp\/v2\/media?parent=77"}],"wp:term":[{"taxonomy":"category","embeddable":true,"href":"https:\/\/blog.ufes.br\/revistauniversidade\/wp-json\/wp\/v2\/categories?post=77"},{"taxonomy":"post_tag","embeddable":true,"href":"https:\/\/blog.ufes.br\/revistauniversidade\/wp-json\/wp\/v2\/tags?post=77"}],"curies":[{"name":"wp","href":"https:\/\/api.w.org\/{rel}","templated":true}]}}