{"id":775,"date":"2019-09-11T12:12:41","date_gmt":"2019-09-11T15:12:41","guid":{"rendered":"http:\/\/blog.ufes.br\/revistauniversidade\/?p=775"},"modified":"2019-09-11T12:12:42","modified_gmt":"2019-09-11T15:12:42","slug":"ensino-a-distancia-amplia-interiorizacao","status":"publish","type":"post","link":"https:\/\/blog.ufes.br\/revistauniversidade\/2019\/09\/11\/ensino-a-distancia-amplia-interiorizacao\/","title":{"rendered":"Ensino a dist\u00e2ncia amplia interioriza\u00e7\u00e3o"},"content":{"rendered":"\n<p>Desde 2001, o ensino a dist\u00e2ncia na Ufes promove cursos de gradua\u00e7\u00e3o e especializa\u00e7\u00e3o na modalidade semipresencial. Nesse modelo, as aulas s\u00e3o acompanhadas de forma on-line, por meio do Ambiente Virtual de aprendizagem, e semanalmente h\u00e1 encontros nos polos de apoio presencial, onde tutores orientaram os estudantes. Ao todo, dos 78 munic\u00edpios capixabas, 27 contam com os polos de ensino, distribuindo as bases da Ufes para o interior das regi\u00f5es capixabas e possibilitando a democratiza\u00e7\u00e3o do acesso \u00e0 forma\u00e7\u00e3o em n\u00edvel superior.<\/p>\n\n\n\n<p>Em 2014, a Secretaria de Ensino a Dist\u00e2ncia da Ufes ofertou cursos de licenciatura nas \u00e1reas de Artes Visuais, Ci\u00eancias Biol\u00f3gicas, Filosofia, F\u00edsica, Hist\u00f3ria, Pedagogia e Qu\u00edmica. Em 2018, essas turmas (\u00e0 exce\u00e7\u00e3o de Ci\u00eancias Biol\u00f3gicas) formaram 850 pessoas em 19 munic\u00edpios capixabas. No mesmo ano, foram oferecidas vagas para a licenciatura em Letras Italiano \u2013 curso previsto para ser conclu\u00eddo em 2021.<\/p>\n\n\n\n<figure class=\"wp-block-image\"><img loading=\"lazy\" decoding=\"async\" width=\"501\" height=\"779\" src=\"http:\/\/blog.ufes.br\/revistauniversidade\/files\/2019\/08\/image-4.png\" alt=\"\" class=\"wp-image-693\" \/><figcaption>Os 27 munic\u00edpios esp\u00edrito-santenses beneficiados pelo sistema de Ensino a Dist\u00e2ncia da Ufes. Imagem: Reprodu\u00e7\u00e3o\/Sead Ufes<\/figcaption><\/figure>\n\n\n\n<p> O ensino a dist\u00e2ncia contribui para a forma\u00e7\u00e3o e a atua\u00e7\u00e3o de professores em regi\u00f5es do Esp\u00edrito Santo que est\u00e3o distantes dos campi universit\u00e1rios, tal como Ecoporanga e Manten\u00f3polis, no norte; Mimoso do Sul e Bom Jesus do Norte, no sul; Afonso Cl\u00e1udio e Venda Nova do Imigrante, na regi\u00e3o serrana. \u201cA interioriza\u00e7\u00e3o da Ufes por meio da modalidade a dist\u00e2ncia   impactou qualitativamente nos n\u00edveis oficiais que avaliam a educa\u00e7\u00e3o deste estado, melhorando-os de forma consider\u00e1vel, especialmente em raz\u00e3o das<br>mudan\u00e7as nas pr\u00e1ticas dos professores, bem como suas concep\u00e7\u00f5es te\u00f3ricas de ensino e de aprendizagem. Ao longo de sua hist\u00f3ria, o ensino a dist\u00e2ncia formou e capacitou mais de 22 mil pessoas entre os cursos de gradua\u00e7\u00e3o, aperfei\u00e7oamento e capacita\u00e7\u00e3o\u201d, ressalta o Diretor Acad\u00eamico da Secretaria de Ensino a Dist\u00e2ncia da Ufes, J\u00falio Francelino Ferreira Filho.<\/p>\n\n\n\n<p>Todo material did\u00e1tico \u00e9 desenvolvido pelos professores da Ufes e oferecido gratuitamente aos alunos. Os recursos produzidos para cursos, tais como videoaulas, livros, jogos e anima\u00e7\u00f5es, s\u00e3o acess\u00edveis ao p\u00fablico e est\u00e3o dispon\u00edveis no site <a href=\"http:\/\/www.sead.ufes.br\/\">www.sead.ufes.br<\/a>. <\/p>\n\n\n\n<p>Confira tamb\u00e9m: <br><a href=\"http:\/\/blog.ufes.br\/revistauniversidade\/2019\/08\/13\/mais-oportunidades-e-diversidade-na-graduacao\/\">Mais oportunidades e diversidade na gradua\u00e7\u00e3o<\/a><\/p>\n\n\n<p><!--StartFragment--><\/p>\n<p><!--EndFragment--><\/p>","protected":false},"excerpt":{"rendered":"<div class=\"mh-excerpt\"><p>Desde 2001, o ensino a dist\u00e2ncia na Ufes promove cursos de gradua\u00e7\u00e3o e especializa\u00e7\u00e3o na modalidade semipresencial. Nesse modelo, as aulas s\u00e3o acompanhadas de forma <a class=\"mh-excerpt-more\" href=\"https:\/\/blog.ufes.br\/revistauniversidade\/2019\/09\/11\/ensino-a-distancia-amplia-interiorizacao\/\" title=\"Ensino a dist\u00e2ncia amplia interioriza\u00e7\u00e3o\">[&#8230;]<\/a><\/p>\n<\/div>","protected":false},"author":350,"featured_media":781,"comment_status":"open","ping_status":"open","sticky":false,"template":"","format":"standard","meta":{"_bbp_topic_count":0,"_bbp_reply_count":0,"_bbp_total_topic_count":0,"_bbp_total_reply_count":0,"_bbp_voice_count":0,"_bbp_anonymous_reply_count":0,"_bbp_topic_count_hidden":0,"_bbp_reply_count_hidden":0,"_bbp_forum_subforum_count":0,"_uag_custom_page_level_css":"","footnotes":""},"categories":[46,9],"tags":[],"class_list":["post-775","post","type-post","status-publish","format-standard","has-post-thumbnail","hentry","category-edicao-010","category-noticias"],"uagb_featured_image_src":{"full":["https:\/\/blog.ufes.br\/revistauniversidade\/files\/2019\/08\/educacao-a-distancia.jpg",360,200,false],"thumbnail":["https:\/\/blog.ufes.br\/revistauniversidade\/files\/2019\/08\/educacao-a-distancia.jpg",150,83,false],"medium":["https:\/\/blog.ufes.br\/revistauniversidade\/files\/2019\/08\/educacao-a-distancia.jpg",300,167,false],"medium_large":["https:\/\/blog.ufes.br\/revistauniversidade\/files\/2019\/08\/educacao-a-distancia.jpg",360,200,false],"large":["https:\/\/blog.ufes.br\/revistauniversidade\/files\/2019\/08\/educacao-a-distancia.jpg",360,200,false],"1536x1536":["https:\/\/blog.ufes.br\/revistauniversidade\/files\/2019\/08\/educacao-a-distancia.jpg",360,200,false],"2048x2048":["https:\/\/blog.ufes.br\/revistauniversidade\/files\/2019\/08\/educacao-a-distancia.jpg",360,200,false],"mh-magazine-lite-slider":["https:\/\/blog.ufes.br\/revistauniversidade\/files\/2019\/08\/educacao-a-distancia.jpg",360,200,false],"mh-magazine-lite-content":["https:\/\/blog.ufes.br\/revistauniversidade\/files\/2019\/08\/educacao-a-distancia.jpg",360,200,false],"mh-magazine-lite-large":["https:\/\/blog.ufes.br\/revistauniversidade\/files\/2019\/08\/educacao-a-distancia.jpg",360,200,false],"mh-magazine-lite-medium":["https:\/\/blog.ufes.br\/revistauniversidade\/files\/2019\/08\/educacao-a-distancia.jpg",326,181,false],"mh-magazine-lite-small":["https:\/\/blog.ufes.br\/revistauniversidade\/files\/2019\/08\/educacao-a-distancia.jpg",80,44,false]},"uagb_author_info":{"display_name":"lidia.hora","author_link":"https:\/\/blog.ufes.br\/revistauniversidade\/author\/lidia_gurgel-neves-hora\/"},"uagb_comment_info":0,"uagb_excerpt":"Desde 2001, o ensino a dist\u00e2ncia na Ufes promove cursos de gradua\u00e7\u00e3o e especializa\u00e7\u00e3o na modalidade semipresencial. Nesse modelo, as aulas s\u00e3o acompanhadas de forma [...]","_links":{"self":[{"href":"https:\/\/blog.ufes.br\/revistauniversidade\/wp-json\/wp\/v2\/posts\/775","targetHints":{"allow":["GET"]}}],"collection":[{"href":"https:\/\/blog.ufes.br\/revistauniversidade\/wp-json\/wp\/v2\/posts"}],"about":[{"href":"https:\/\/blog.ufes.br\/revistauniversidade\/wp-json\/wp\/v2\/types\/post"}],"author":[{"embeddable":true,"href":"https:\/\/blog.ufes.br\/revistauniversidade\/wp-json\/wp\/v2\/users\/350"}],"replies":[{"embeddable":true,"href":"https:\/\/blog.ufes.br\/revistauniversidade\/wp-json\/wp\/v2\/comments?post=775"}],"version-history":[{"count":5,"href":"https:\/\/blog.ufes.br\/revistauniversidade\/wp-json\/wp\/v2\/posts\/775\/revisions"}],"predecessor-version":[{"id":782,"href":"https:\/\/blog.ufes.br\/revistauniversidade\/wp-json\/wp\/v2\/posts\/775\/revisions\/782"}],"wp:featuredmedia":[{"embeddable":true,"href":"https:\/\/blog.ufes.br\/revistauniversidade\/wp-json\/wp\/v2\/media\/781"}],"wp:attachment":[{"href":"https:\/\/blog.ufes.br\/revistauniversidade\/wp-json\/wp\/v2\/media?parent=775"}],"wp:term":[{"taxonomy":"category","embeddable":true,"href":"https:\/\/blog.ufes.br\/revistauniversidade\/wp-json\/wp\/v2\/categories?post=775"},{"taxonomy":"post_tag","embeddable":true,"href":"https:\/\/blog.ufes.br\/revistauniversidade\/wp-json\/wp\/v2\/tags?post=775"}],"curies":[{"name":"wp","href":"https:\/\/api.w.org\/{rel}","templated":true}]}}