{"id":858,"date":"2019-11-04T10:20:41","date_gmt":"2019-11-04T13:20:41","guid":{"rendered":"http:\/\/blog.ufes.br\/revistauniversidade\/?p=858"},"modified":"2019-12-17T12:00:10","modified_gmt":"2019-12-17T15:00:10","slug":"pesquisa-desenvolve-tecnologia-4-0-em-parceria-com-universidade-da-alemanha","status":"publish","type":"post","link":"https:\/\/blog.ufes.br\/revistauniversidade\/2019\/11\/04\/pesquisa-desenvolve-tecnologia-4-0-em-parceria-com-universidade-da-alemanha\/","title":{"rendered":"Pesquisa desenvolve tecnologia 4.0 em parceria com universidade da Alemanha"},"content":{"rendered":"\n<p><em>\u2013 Por Lidia Neves \u2013<\/em><\/p>\n\n\n\n<p>Uma pesquisa da Ufes, em parceria com a Universidade T\u00e9cnica de Berlim (TU-Berlin) e o <em>Fraunhofer Institute for Telecommunications-Heinrich Hertz Institute <\/em>(HHI), utilizar\u00e1 a luz para monitorar rob\u00f4s construtores em ambientes industriais. Essa nova tecnologia \u00e9 denominada de <em>Optical Wireless Communication <\/em>(OWC, em portugu\u00eas, Comunica\u00e7\u00e3o \u00d3ptica sem Fio), tamb\u00e9m conhecida como Li-Fi (do ingl\u00eas <em>Light-Fidelity<\/em>). Ela tem funcionamento&nbsp;similar ao do Wi-Fi (do ingl\u00eas <em>Wireless Fidelity<\/em>), no entanto&nbsp;a transmiss\u00e3o de dados se faz via luz, em vez de radiofrequ\u00eancia.<\/p>\n\n\n\n<p><em>Veja esta e outras mat\u00e9rias na&nbsp;<\/em><a rel=\"noreferrer noopener\" href=\"https:\/\/issuu.com\/ufes\/docs\/informa550-web\" target=\"_blank\"><em>edi\u00e7\u00e3o 550 do jornal Informa<\/em><\/a><\/p>\n\n\n\n<p>Esse sistema de comunica\u00e7\u00e3o \u00e9 considerado mais eficiente para o uso \nna&nbsp;ind\u00fastria, pois n\u00e3o tem interfer\u00eancia eletromagn\u00e9tica, em que as \nredes de comunica\u00e7\u00e3o via r\u00e1dio poderiam afetar o funcionamento de \nm\u00e1quinas e vice-versa. A tecnologia Li-Fi tamb\u00e9m \u00e9 considerada mais \nconfi\u00e1vel e com melhor desempenho.&nbsp;O Li-Fi ser\u00e1 a tecnologia base para a\n execu\u00e7\u00e3o da Internet das Coisas Industrial (IIoT, sigla em ingl\u00eas), \ntamb\u00e9m chamada de Ind\u00fastria 4.0.<\/p>\n\n\n\n<figure class=\"wp-block-image\"><img loading=\"lazy\" decoding=\"async\" width=\"1126\" height=\"1029\" src=\"https:\/\/blog.ufes.br\/revistauniversidade\/files\/2019\/11\/WhatsApp-Image-2019-11-18-at-11.20.42-AM.jpeg\" alt=\"\" class=\"wp-image-863\" \/><figcaption>Pela Ufes, participam do projeto o professor Marcelo Segatto, o pesquisador Jess\u00e9 Gomes e os professores Helder Rocha, Jair Silva e Maria Jos\u00e9 Pontes. Foto: Divulga\u00e7\u00e3o<\/figcaption><\/figure>\n\n\n\n<p>\u201cNa IIoT, todos os dispositivos eletr\u00f4nicos em um ambiente \nindustrial&nbsp;poder\u00e3o ser conectados \u00e0 internet, permitindo a troca de \ninforma\u00e7\u00f5es entre eles, mas tamb\u00e9m permitir\u00e1 aos colaboradores da \nind\u00fastria acessarem o <em>status <\/em>dos dispositivos tanto interna \ncomo externamente\u201d, explica o p\u00f3s-doutorando&nbsp;do Laborat\u00f3rio de \nTelecomunica\u00e7\u00f5es (Labtel) da Ufes Jess\u00e9 Gomes, que participa do projeto.\n \u201cNossa expectativa \u00e9 aperfei\u00e7oar um modelo de dispositivo, que poder\u00e1 \nser fabricado e patenteado\u201d, completa.<\/p>\n\n\n\n<p>O projeto, com dura\u00e7\u00e3o de at\u00e9 quatro anos, foi aprovado e viabilizado\n pelo Programa Iniciativa de Pesquisa Colaborativa (PIPC), da \nCoordena\u00e7\u00e3o de Aperfei\u00e7oamento de Pessoal de N\u00edvel Superior (Capes), em \nparceria com&nbsp;a Sociedade Alem\u00e3 de Amparo \u00e0 Pesquisa (<em>Deutsche Forschungsgemeinschaft&nbsp;<\/em>\u2013 DFG).<\/p>\n\n\n\n<p>A primeira visita t\u00e9cnica da equipe da TU-Berlin ao Brasil se deu no \nm\u00eas de outubro. Em novembro, integrantes da equipe brasileira, que \u00e9 \ncoordenada&nbsp;pelo professor de Engenharia El\u00e9trica Marcelo Segatto, \nvisitar\u00e3o a universidade&nbsp;alem\u00e3 e assinar\u00e3o um acordo de coopera\u00e7\u00e3o \ninternacional da Ufes com&nbsp;aquela institui\u00e7\u00e3o.<\/p>\n","protected":false},"excerpt":{"rendered":"<div class=\"mh-excerpt\"><p>\u2013 Por Lidia Neves \u2013 Uma pesquisa da Ufes, em parceria com a Universidade T\u00e9cnica de Berlim (TU-Berlin) e o Fraunhofer Institute for Telecommunications-Heinrich Hertz <a class=\"mh-excerpt-more\" href=\"https:\/\/blog.ufes.br\/revistauniversidade\/2019\/11\/04\/pesquisa-desenvolve-tecnologia-4-0-em-parceria-com-universidade-da-alemanha\/\" title=\"Pesquisa desenvolve tecnologia 4.0 em parceria com universidade da Alemanha\">[&#8230;]<\/a><\/p>\n<\/div>","protected":false},"author":350,"featured_media":859,"comment_status":"open","ping_status":"open","sticky":false,"template":"","format":"standard","meta":{"_bbp_topic_count":0,"_bbp_reply_count":0,"_bbp_total_topic_count":0,"_bbp_total_reply_count":0,"_bbp_voice_count":0,"_bbp_anonymous_reply_count":0,"_bbp_topic_count_hidden":0,"_bbp_reply_count_hidden":0,"_bbp_forum_subforum_count":0,"_uag_custom_page_level_css":"","footnotes":""},"categories":[7,9,47],"tags":[],"class_list":["post-858","post","type-post","status-publish","format-standard","has-post-thumbnail","hentry","category-chamadinhas","category-noticias","category-online"],"uagb_featured_image_src":{"full":["https:\/\/blog.ufes.br\/revistauniversidade\/files\/2019\/11\/smartphone-internet-das-coisas-gerd-altman-pixabay.jpg",1280,826,false],"thumbnail":["https:\/\/blog.ufes.br\/revistauniversidade\/files\/2019\/11\/smartphone-internet-das-coisas-gerd-altman-pixabay.jpg",150,97,false],"medium":["https:\/\/blog.ufes.br\/revistauniversidade\/files\/2019\/11\/smartphone-internet-das-coisas-gerd-altman-pixabay.jpg",300,194,false],"medium_large":["https:\/\/blog.ufes.br\/revistauniversidade\/files\/2019\/11\/smartphone-internet-das-coisas-gerd-altman-pixabay.jpg",768,496,false],"large":["https:\/\/blog.ufes.br\/revistauniversidade\/files\/2019\/11\/smartphone-internet-das-coisas-gerd-altman-pixabay.jpg",1024,661,false],"1536x1536":["https:\/\/blog.ufes.br\/revistauniversidade\/files\/2019\/11\/smartphone-internet-das-coisas-gerd-altman-pixabay.jpg",1280,826,false],"2048x2048":["https:\/\/blog.ufes.br\/revistauniversidade\/files\/2019\/11\/smartphone-internet-das-coisas-gerd-altman-pixabay.jpg",1280,826,false],"mh-magazine-lite-slider":["https:\/\/blog.ufes.br\/revistauniversidade\/files\/2019\/11\/smartphone-internet-das-coisas-gerd-altman-pixabay.jpg",679,438,false],"mh-magazine-lite-content":["https:\/\/blog.ufes.br\/revistauniversidade\/files\/2019\/11\/smartphone-internet-das-coisas-gerd-altman-pixabay.jpg",590,381,false],"mh-magazine-lite-large":["https:\/\/blog.ufes.br\/revistauniversidade\/files\/2019\/11\/smartphone-internet-das-coisas-gerd-altman-pixabay.jpg",678,438,false],"mh-magazine-lite-medium":["https:\/\/blog.ufes.br\/revistauniversidade\/files\/2019\/11\/smartphone-internet-das-coisas-gerd-altman-pixabay.jpg",326,210,false],"mh-magazine-lite-small":["https:\/\/blog.ufes.br\/revistauniversidade\/files\/2019\/11\/smartphone-internet-das-coisas-gerd-altman-pixabay.jpg",80,52,false]},"uagb_author_info":{"display_name":"lidia.hora","author_link":"https:\/\/blog.ufes.br\/revistauniversidade\/author\/lidia_gurgel-neves-hora\/"},"uagb_comment_info":0,"uagb_excerpt":"\u2013 Por Lidia Neves \u2013 Uma pesquisa da Ufes, em parceria com a Universidade T\u00e9cnica de Berlim (TU-Berlin) e o Fraunhofer Institute for Telecommunications-Heinrich Hertz [...]","_links":{"self":[{"href":"https:\/\/blog.ufes.br\/revistauniversidade\/wp-json\/wp\/v2\/posts\/858","targetHints":{"allow":["GET"]}}],"collection":[{"href":"https:\/\/blog.ufes.br\/revistauniversidade\/wp-json\/wp\/v2\/posts"}],"about":[{"href":"https:\/\/blog.ufes.br\/revistauniversidade\/wp-json\/wp\/v2\/types\/post"}],"author":[{"embeddable":true,"href":"https:\/\/blog.ufes.br\/revistauniversidade\/wp-json\/wp\/v2\/users\/350"}],"replies":[{"embeddable":true,"href":"https:\/\/blog.ufes.br\/revistauniversidade\/wp-json\/wp\/v2\/comments?post=858"}],"version-history":[{"count":3,"href":"https:\/\/blog.ufes.br\/revistauniversidade\/wp-json\/wp\/v2\/posts\/858\/revisions"}],"predecessor-version":[{"id":864,"href":"https:\/\/blog.ufes.br\/revistauniversidade\/wp-json\/wp\/v2\/posts\/858\/revisions\/864"}],"wp:featuredmedia":[{"embeddable":true,"href":"https:\/\/blog.ufes.br\/revistauniversidade\/wp-json\/wp\/v2\/media\/859"}],"wp:attachment":[{"href":"https:\/\/blog.ufes.br\/revistauniversidade\/wp-json\/wp\/v2\/media?parent=858"}],"wp:term":[{"taxonomy":"category","embeddable":true,"href":"https:\/\/blog.ufes.br\/revistauniversidade\/wp-json\/wp\/v2\/categories?post=858"},{"taxonomy":"post_tag","embeddable":true,"href":"https:\/\/blog.ufes.br\/revistauniversidade\/wp-json\/wp\/v2\/tags?post=858"}],"curies":[{"name":"wp","href":"https:\/\/api.w.org\/{rel}","templated":true}]}}