{"id":979,"date":"2020-06-04T11:53:52","date_gmt":"2020-06-04T14:53:52","guid":{"rendered":"http:\/\/blog.ufes.br\/revistauniversidade\/?p=979"},"modified":"2022-11-01T09:38:14","modified_gmt":"2022-11-01T12:38:14","slug":"ufes-registra-primeira-cultivar-de-cafe-conilon-para-o-estado-da-bahia","status":"publish","type":"post","link":"https:\/\/blog.ufes.br\/revistauniversidade\/2020\/06\/04\/ufes-registra-primeira-cultivar-de-cafe-conilon-para-o-estado-da-bahia\/","title":{"rendered":"Ufes registra primeira cultivar de caf\u00e9 conilon para o estado da Bahia"},"content":{"rendered":"\n<p><em>\u2013 Por Sueli de Freitas \u2013 <\/em><\/p>\n\n\n\n<p>A Diretoria de Inova\u00e7\u00e3o Tecnol\u00f3gica (DIT) da Ufes conseguiu o registro de uma cultivar de&nbsp;<em>Coffea canephora<\/em>&nbsp;adaptada para o sul da Bahia, em altitude inferior a 500 metros. Batizada de Monte Pascoal, essa \u00e9 a primeira cultivar de caf\u00e9 conilon para o estado baiano. O Registro Nacional de Cultivares (RNC) \u00e9 realizado no Minist\u00e9rio de Agricultura, Pecu\u00e1ria e Abastecimento (Mapa).<\/p>\n\n\n\n<p>As cultivares s\u00e3o esp\u00e9cies de plantas que foram melhoradas devido \u00e0 altera\u00e7\u00e3o ou \u00e0&nbsp;introdu\u00e7\u00e3o, pelo homem, de uma caracter\u00edstica que antes n\u00e3o possu\u00edam. Elas se distinguem das outras variedades da mesma esp\u00e9cie de planta por sua homogeneidade, estabilidade e novidade.<\/p>\n\n\n\n<p>A cultivar de&nbsp;<em>Coffea canephora<\/em>&nbsp;Pierre ex A. Froehner (conilon ou robusta) \u00e9 composta por seis gen\u00f3tipos\/clones (AD1, AP, Imbigudinho, LB1, P2, Peneir\u00e3o), que alcan\u00e7aram a melhor produtividade dentre os 42 gen\u00f3tipos utilizados no experimento.<\/p>\n\n\n\n<p>Segundo o professor do Departamento de Ci\u00eancias Agr\u00e1rias e Biol\u00f3gicas do Centro Universit\u00e1rio Norte do Esp\u00edrito Santo (Ceunes) F\u00e1bio Luiz Partelli,&nbsp;que coordenou a pesquisa, os trabalhos come\u00e7aram em abril de 2014, numa parceria entre pesquisadores e produtores rurais. Foram plantados 42 gen\u00f3tipos de caf\u00e9 conilon descobertos em lavouras capixabas em uma \u00e1rea no munic\u00edpio de Itabela, na Bahia, num \u201censaio de competi\u00e7\u00e3o\u201d, propagados por estacas, a aproximadamente 140 metros de altitude.<\/p>\n\n\n\n<h3 class=\"wp-block-heading\"><strong>Produtividade<\/strong><\/h3>\n\n\n\n<p>Os pesquisadores acompanharam a produ\u00e7\u00e3o em quatro colheitas, nos anos de 2016, 2017, 2018 e 2019. A m\u00e9dia das quatro colheitas dos seis gen\u00f3tipos foi de 129,97 sacas por hectare ao ano, enquanto a m\u00e9dia dos demais gen\u00f3tipos foi inferior a cem sacas.<\/p>\n\n\n\n<p>Dentre as caracter\u00edsticas avaliadas na pesquisa, al\u00e9m da produtividade, para constituir a nova cultivar&nbsp;estiveram o sistema radicular, a matura\u00e7\u00e3o, o vigor e a resist\u00eancia a pragas e a doen\u00e7as.<\/p>\n\n\n\n<p>Participaram do registro os engenheiros agr\u00f4nomos F\u00e1bio Luiz Partelli (coordenador), Andr\u00e9 Covre, Gleison Oliosi e o produtor rural Daniel Covre.<\/p>\n\n\n\n<p>\u201cNenhuma outra institui\u00e7\u00e3o havia, at\u00e9 ent\u00e3o, feito estudo e registro de cultivar de conilon para o estado da Bahia. O registro \u00e9 uma forma de atestar que esses seis materiais s\u00e3o os recomendados para a regi\u00e3o pelas condi\u00e7\u00f5es de adapta\u00e7\u00e3o ao local. A Bahia \u00e9 o terceiro maior produtor de conilon do pa\u00eds, somente atr\u00e1s do Esp\u00edrito Santo e de Rond\u00f4nia, da\u00ed a import\u00e2ncia dessa pesquisa\u201d, afirmou Partelli.<\/p>\n\n\n\n<p>O professor informou que o mesmo experimento, com os 42 gen\u00f3tipos testados na Bahia, est\u00e1 sendo feito numa lavoura no munic\u00edpio capixaba de Nova Ven\u00e9cia. L\u00e1, por\u00e9m, ser\u00e3o seis colheitas antes do pedido de registro da cultivar. &nbsp;<\/p>\n\n\n\n<p><em>Imagem: F\u00e1bio Partelli<br>Edi\u00e7\u00e3o: Thereza Marinho<\/em><\/p>\n","protected":false},"excerpt":{"rendered":"<div class=\"mh-excerpt\"><p>\u2013 Por Sueli de Freitas \u2013 A Diretoria de Inova\u00e7\u00e3o Tecnol\u00f3gica (DIT) da Ufes conseguiu o registro de uma cultivar de&nbsp;Coffea canephora&nbsp;adaptada para o sul <a class=\"mh-excerpt-more\" href=\"https:\/\/blog.ufes.br\/revistauniversidade\/2020\/06\/04\/ufes-registra-primeira-cultivar-de-cafe-conilon-para-o-estado-da-bahia\/\" title=\"Ufes registra primeira cultivar de caf\u00e9 conilon para o estado da Bahia\">[&#8230;]<\/a><\/p>\n<\/div>","protected":false},"author":350,"featured_media":982,"comment_status":"open","ping_status":"open","sticky":false,"template":"","format":"standard","meta":{"_bbp_topic_count":0,"_bbp_reply_count":0,"_bbp_total_topic_count":0,"_bbp_total_reply_count":0,"_bbp_voice_count":0,"_bbp_anonymous_reply_count":0,"_bbp_topic_count_hidden":0,"_bbp_reply_count_hidden":0,"_bbp_forum_subforum_count":0,"_uag_custom_page_level_css":"","footnotes":""},"categories":[9,47],"tags":[],"class_list":["post-979","post","type-post","status-publish","format-standard","has-post-thumbnail","hentry","category-noticias","category-online"],"uagb_featured_image_src":{"full":["https:\/\/blog.ufes.br\/revistauniversidade\/files\/2020\/06\/conilon.jpeg",1024,768,false],"thumbnail":["https:\/\/blog.ufes.br\/revistauniversidade\/files\/2020\/06\/conilon.jpeg",150,113,false],"medium":["https:\/\/blog.ufes.br\/revistauniversidade\/files\/2020\/06\/conilon.jpeg",300,225,false],"medium_large":["https:\/\/blog.ufes.br\/revistauniversidade\/files\/2020\/06\/conilon.jpeg",768,576,false],"large":["https:\/\/blog.ufes.br\/revistauniversidade\/files\/2020\/06\/conilon.jpeg",1024,768,false],"1536x1536":["https:\/\/blog.ufes.br\/revistauniversidade\/files\/2020\/06\/conilon.jpeg",1024,768,false],"2048x2048":["https:\/\/blog.ufes.br\/revistauniversidade\/files\/2020\/06\/conilon.jpeg",1024,768,false],"mh-magazine-lite-slider":["https:\/\/blog.ufes.br\/revistauniversidade\/files\/2020\/06\/conilon.jpeg",584,438,false],"mh-magazine-lite-content":["https:\/\/blog.ufes.br\/revistauniversidade\/files\/2020\/06\/conilon.jpeg",508,381,false],"mh-magazine-lite-large":["https:\/\/blog.ufes.br\/revistauniversidade\/files\/2020\/06\/conilon.jpeg",678,509,false],"mh-magazine-lite-medium":["https:\/\/blog.ufes.br\/revistauniversidade\/files\/2020\/06\/conilon.jpeg",326,245,false],"mh-magazine-lite-small":["https:\/\/blog.ufes.br\/revistauniversidade\/files\/2020\/06\/conilon.jpeg",80,60,false]},"uagb_author_info":{"display_name":"lidia.hora","author_link":"https:\/\/blog.ufes.br\/revistauniversidade\/author\/lidia_gurgel-neves-hora\/"},"uagb_comment_info":1,"uagb_excerpt":"\u2013 Por Sueli de Freitas \u2013 A Diretoria de Inova\u00e7\u00e3o Tecnol\u00f3gica (DIT) da Ufes conseguiu o registro de uma cultivar de&nbsp;Coffea canephora&nbsp;adaptada para o sul [...]","_links":{"self":[{"href":"https:\/\/blog.ufes.br\/revistauniversidade\/wp-json\/wp\/v2\/posts\/979","targetHints":{"allow":["GET"]}}],"collection":[{"href":"https:\/\/blog.ufes.br\/revistauniversidade\/wp-json\/wp\/v2\/posts"}],"about":[{"href":"https:\/\/blog.ufes.br\/revistauniversidade\/wp-json\/wp\/v2\/types\/post"}],"author":[{"embeddable":true,"href":"https:\/\/blog.ufes.br\/revistauniversidade\/wp-json\/wp\/v2\/users\/350"}],"replies":[{"embeddable":true,"href":"https:\/\/blog.ufes.br\/revistauniversidade\/wp-json\/wp\/v2\/comments?post=979"}],"version-history":[{"count":1,"href":"https:\/\/blog.ufes.br\/revistauniversidade\/wp-json\/wp\/v2\/posts\/979\/revisions"}],"predecessor-version":[{"id":980,"href":"https:\/\/blog.ufes.br\/revistauniversidade\/wp-json\/wp\/v2\/posts\/979\/revisions\/980"}],"wp:featuredmedia":[{"embeddable":true,"href":"https:\/\/blog.ufes.br\/revistauniversidade\/wp-json\/wp\/v2\/media\/982"}],"wp:attachment":[{"href":"https:\/\/blog.ufes.br\/revistauniversidade\/wp-json\/wp\/v2\/media?parent=979"}],"wp:term":[{"taxonomy":"category","embeddable":true,"href":"https:\/\/blog.ufes.br\/revistauniversidade\/wp-json\/wp\/v2\/categories?post=979"},{"taxonomy":"post_tag","embeddable":true,"href":"https:\/\/blog.ufes.br\/revistauniversidade\/wp-json\/wp\/v2\/tags?post=979"}],"curies":[{"name":"wp","href":"https:\/\/api.w.org\/{rel}","templated":true}]}}